{"id":514,"date":"2010-08-01T17:34:00","date_gmt":"2010-08-01T16:34:00","guid":{"rendered":"http:\/\/pernillaodlund.se\/?p=514"},"modified":"2010-08-01T17:34:00","modified_gmt":"2010-08-01T16:34:00","slug":"fullt-upp","status":"publish","type":"post","link":"http:\/\/pernillaodlund.se\/?p=514","title":{"rendered":">Fullt upp"},"content":{"rendered":"<p>><span style=\"font-family: &quot;Helvetica Neue&quot;, Arial, Helvetica, sans-serif;\">Hela dagarna \ud83d\ude00<\/span><\/p>\n<p><span style=\"font-family: &quot;Helvetica Neue&quot;, Arial, Helvetica, sans-serif;\">Nu \u00e4r B p\u00e5 v\u00e4lbeh\u00f6vlig semester och jag tar hand om alla fem h\u00e4starna. Det fungerar f\u00f6rv\u00e5nansv\u00e4rt bra &#8230; vilket f\u00e5r mig att misst\u00e4nka att det inte \u00e4r h\u00e4st-\/stallv\u00e5rd som \u00e4r det som tar mest tid i stallet &#8230; :S<\/span><\/p>\n<p><span style=\"font-family: &quot;Helvetica Neue&quot;, Arial, Helvetica, sans-serif;\">Ig\u00e5r duschade vi b\u00e5da h\u00e4starna och det gick v\u00e4ldigt bra. Jag tror inte Nido \u00e4r badad s\u00e5 m\u00e5nga g\u00e5nger men han n\u00f6jt verkligen. Han till och med gillade n\u00e4r vi sprutade med slangen rakt i ansiktet &#8230; kn\u00e4ppa h\u00e4st \ud83d\ude42<\/span><br \/><span style=\"font-family: &quot;Helvetica Neue&quot;, Arial, Helvetica, sans-serif;\">Kakan bj\u00f6d inte heller till n\u00e5got motst\u00e5nd \u00e4ven om han inte gillar att bli spolad i ansiktet s\u00e5 accepterar han det mesta med bara lite sura \u00f6gonkast d\u00e5 och d\u00e5. Efter dusch gick vi p\u00e5 promenad i skogen med dem f\u00f6r att dom skulle f\u00e5 torka. Kakan kan man absolut inte sl\u00e4ppa in i boxen bl\u00f6t f\u00f6r d\u00e5 rullar han sig direkt! <\/span><\/p>\n<p><span style=\"font-family: &quot;Helvetica Neue&quot;, Arial, Helvetica, sans-serif;\">Idag har E hoppat b\u00e5da h\u00e4starna och hon b\u00f6rjade med Nido. Den lilla hetsporren fick spelet dirket n\u00e4r dom kom ut p\u00e5 ridbanan och det fanns hinder framme &#8230; j\u00f6sses allts\u00e5. Han klara av att galoppera p\u00e5 st\u00e4llet, om bara&nbsp;ekipaget visste hur&nbsp;s\u00e5 \u00e4r jag \u00f6vertygad om att han skulle klara en galopp-piruett &#8211; allts\u00e5 rent styrkem\u00e4ssigt! I vilket fall s\u00e5 efter ett antal spr\u00e5ng d\u00e4r det k\u00e4ndes som det gick lite f\u00f6r fort s\u00e5 bad jag Millan sitta upp f\u00f6r att se hur han betedde sig med n\u00e5gon lite tyngre och med lite mer erfarenhet p\u00e5 ryggen. Han f\u00f6rs\u00f6kte g\u00f6ra exakt likadant med den skillnaden att han inte fick. Millan hoppade n\u00e5gra spr\u00e5ng och sedan hoppade E upp igen. D\u00e5 pl\u00f6tsligt s\u00e5 kunde dom hoppa i ett lugnt och fint tempo. S\u00e5 nu ska vi k\u00f6ra lite hoppning varannan dag ett par g\u00e5nger. Det \u00e4r ju inte hoppning utan mer som markarbete. Bommarna ligger i kryss p\u00e5 sockerbitar s\u00e5 det \u00e4r ju ingen h\u00f6jd att tala om. <\/span><\/p>\n<p><span style=\"font-family: &quot;Helvetica Neue&quot;, Arial, Helvetica, sans-serif;\">I morgon ska E rida dressyrlektion p\u00e5 Nido f\u00f6r Annelie, p\u00e5 tisdag \u00e4r det hoppgrupp hemmavid f\u00f6r Ida p\u00e5 Kakan och p\u00e5 onsdag kommer Nidos ga \u00e4gare och har dressyrlektion. Den 15 augusti \u00e4r det dags f\u00f6r t\u00e4vlingsdebuten p\u00e5 Nido &#8211; en LC:1 i Enk\u00f6ping. Det ska bli sp\u00e4nnande att se, dels hur han beter sig borta p\u00e5 t\u00e4vlingsplats och hur det g\u00e5r f\u00f6r dem. Han har ju ett riktigt fint steg men som ekipage \u00e4r dom r\u00e4tt oj\u00e4mna. Nu hinner dom tr\u00e4na lite innan s\u00e5 jag hoppas det kommer k\u00e4nnas bra.<\/span><\/p>\n<p><span style=\"font-family: &quot;Helvetica Neue&quot;, Arial, Helvetica, sans-serif;\">Vi har beslutat oss f\u00f6r att inte ha n\u00e5gon medryttare p\u00e5 Nido &#8211; jag ska ju ocks\u00e5 ha n\u00e5got att rida p\u00e5. Att skritta och kanske trava lite i skogen med mig p\u00e5 ryggen 2 dagar i veckan tror jag blir toppenbra f\u00f6r Nido. S\u00e5 f\u00e5r vi se vad mitt kn\u00e4 tycker om saken &#8230;<\/span><\/p>\n","protected":false},"excerpt":{"rendered":"<p>>Hela dagarna \ud83d\ude00 Nu \u00e4r B p\u00e5 v\u00e4lbeh\u00f6vlig semester och jag tar hand om alla fem h\u00e4starna. Det fungerar f\u00f6rv\u00e5nansv\u00e4rt bra &#8230; vilket f\u00e5r mig att misst\u00e4nka att det inte \u00e4r h\u00e4st-\/stallv\u00e5rd som \u00e4r det som tar mest tid i &hellip; <a href=\"http:\/\/pernillaodlund.se\/?p=514\">L\u00e4s mer <span class=\"meta-nav\">&rarr;<\/span><\/a><\/p>\n","protected":false},"author":1,"featured_media":0,"comment_status":"open","ping_status":"open","sticky":false,"template":"","format":"standard","meta":{"om_disable_all_campaigns":false,"_monsterinsights_skip_tracking":false,"_monsterinsights_sitenote_active":false,"_monsterinsights_sitenote_note":"","_monsterinsights_sitenote_category":0,"footnotes":""},"categories":[1],"tags":[],"class_list":["post-514","post","type-post","status-publish","format-standard","hentry","category-uncategorized"],"aioseo_notices":[],"_links":{"self":[{"href":"http:\/\/pernillaodlund.se\/index.php?rest_route=\/wp\/v2\/posts\/514","targetHints":{"allow":["GET"]}}],"collection":[{"href":"http:\/\/pernillaodlund.se\/index.php?rest_route=\/wp\/v2\/posts"}],"about":[{"href":"http:\/\/pernillaodlund.se\/index.php?rest_route=\/wp\/v2\/types\/post"}],"author":[{"embeddable":true,"href":"http:\/\/pernillaodlund.se\/index.php?rest_route=\/wp\/v2\/users\/1"}],"replies":[{"embeddable":true,"href":"http:\/\/pernillaodlund.se\/index.php?rest_route=%2Fwp%2Fv2%2Fcomments&post=514"}],"version-history":[{"count":0,"href":"http:\/\/pernillaodlund.se\/index.php?rest_route=\/wp\/v2\/posts\/514\/revisions"}],"wp:attachment":[{"href":"http:\/\/pernillaodlund.se\/index.php?rest_route=%2Fwp%2Fv2%2Fmedia&parent=514"}],"wp:term":[{"taxonomy":"category","embeddable":true,"href":"http:\/\/pernillaodlund.se\/index.php?rest_route=%2Fwp%2Fv2%2Fcategories&post=514"},{"taxonomy":"post_tag","embeddable":true,"href":"http:\/\/pernillaodlund.se\/index.php?rest_route=%2Fwp%2Fv2%2Ftags&post=514"}],"curies":[{"name":"wp","href":"https:\/\/api.w.org\/{rel}","templated":true}]}}