{"id":515,"date":"2010-08-04T20:17:00","date_gmt":"2010-08-04T19:17:00","guid":{"rendered":"http:\/\/pernillaodlund.se\/?p=515"},"modified":"2010-08-04T20:17:00","modified_gmt":"2010-08-04T19:17:00","slug":"veckans-tema-lektion","status":"publish","type":"post","link":"http:\/\/pernillaodlund.se\/?p=515","title":{"rendered":">Veckans tema: Lektion"},"content":{"rendered":"<p>><span style=\"font-family: &quot;Helvetica Neue&quot;, Arial, Helvetica, sans-serif;\">Man kan s\u00e4ga att vi har ett tema denna vecka &#8211; Lektioner. <\/span><br \/><span style=\"font-family: &quot;Helvetica Neue&quot;, Arial, Helvetica, sans-serif;\">I m\u00e5ndags red E lektion p\u00e5 Nido f\u00f6r Annelie, i tisdags var det hoppgrupp hemmavid f\u00f6r Ida, idag har E ridit Nido f\u00f6r Mia och p\u00e5 l\u00f6rdags ska jag rida lektion p\u00e5 islandsh\u00e4st \ud83d\ude00<\/span><\/p>\n<p><span style=\"font-family: &quot;Helvetica Neue&quot;, Arial, Helvetica, sans-serif;\">Lektionen i m\u00e5ndags gick bra och E tyckte det var kul och ska forts\u00e4tta rida varje m\u00e5ndag &#8211; det \u00e4r bra, \u00e4ntligen en dressyrinstrukt\u00f6r \ud83d\ude42<\/span><\/p>\n<p><span style=\"font-family: &quot;Helvetica Neue&quot;, Arial, Helvetica, sans-serif;\">Tisdagens hoppgrupp var ocks\u00e5 helt nytt och E tyckte \u00e4ven det var toppenskoj \ud83d\ude42<\/span><\/p>\n<p><span style=\"font-family: &quot;Helvetica Neue&quot;, Arial, Helvetica, sans-serif;\">Men h\u00f6jdpunkten var s\u00e5klart att Mia kom och hade lektion &#8230; det g\u00e5r s\u00e5 himla bra f\u00f6r E n\u00e4r hon rider f\u00f6r Mia. Jag hoppas innerligt att hon kan t\u00e4nka sig att forts\u00e4tta ha lektioner f\u00f6r E.<\/span><br \/><span style=\"font-family: &quot;Helvetica Neue&quot;, Arial, Helvetica, sans-serif;\">N\u00e4sta vecka ska vi \u00e5ka till Runsten s\u00e5 ska E f\u00e5 rida f\u00f6r Mia d\u00e4r &#8211; d\u00e5 sl\u00e5r vi flera flugor i en sm\u00e4ll. Dels lastar vi Nido en g\u00e5ng innan vi ska \u00e5ka p\u00e5 t\u00e4vling och dels s\u00e5 \u00e4r det extra kul att f\u00e5 rida n\u00e5gon annanstans \u00e4n hemma. <\/span><\/p>\n<p><span style=\"font-family: Arial;\">I hoppningen i tisdags visade Kakan att gamla takter sitter i &#8211; han och \u00e4ven E var v\u00e4ldigt duktiga. Jag tror vi f\u00e5r en bra t\u00e4vlingss\u00e4song \ud83d\ude42<\/span><\/p>\n<p><span style=\"font-family: Arial;\">H\u00e4r kommer lite film &#8211; det var l\u00e4nge sedan nu. En v\u00e4ldigt kort snutt n\u00e4r E \u00f6var f\u00f6rl\u00e4ngt steg i traven p\u00e5 Nido, tidigare idag.<\/span><br \/><object height=\"344\" width=\"425\"><param name=\"movie\" value=\"http:\/\/www.youtube.com\/v\/7mIfs_NYbUY&#038;hl=sv&#038;fs=1\"><\/param><param name=\"allowFullScreen\" value=\"true\"><\/param><param name=\"allowscriptaccess\" value=\"always\"><\/param><embed src=\"http:\/\/www.youtube.com\/v\/7mIfs_NYbUY&#038;hl=sv&#038;fs=1\" type=\"application\/x-shockwave-flash\" allowscriptaccess=\"always\" allowfullscreen=\"true\" width=\"425\" height=\"344\"><\/embed><\/object><\/p>\n","protected":false},"excerpt":{"rendered":"<p>>Man kan s\u00e4ga att vi har ett tema denna vecka &#8211; Lektioner. I m\u00e5ndags red E lektion p\u00e5 Nido f\u00f6r Annelie, i tisdags var det hoppgrupp hemmavid f\u00f6r Ida, idag har E ridit Nido f\u00f6r Mia och p\u00e5 l\u00f6rdags ska &hellip; <a href=\"http:\/\/pernillaodlund.se\/?p=515\">L\u00e4s mer <span class=\"meta-nav\">&rarr;<\/span><\/a><\/p>\n","protected":false},"author":1,"featured_media":0,"comment_status":"open","ping_status":"open","sticky":false,"template":"","format":"standard","meta":{"om_disable_all_campaigns":false,"_monsterinsights_skip_tracking":false,"_monsterinsights_sitenote_active":false,"_monsterinsights_sitenote_note":"","_monsterinsights_sitenote_category":0,"footnotes":""},"categories":[1],"tags":[],"class_list":["post-515","post","type-post","status-publish","format-standard","hentry","category-uncategorized"],"aioseo_notices":[],"_links":{"self":[{"href":"http:\/\/pernillaodlund.se\/index.php?rest_route=\/wp\/v2\/posts\/515","targetHints":{"allow":["GET"]}}],"collection":[{"href":"http:\/\/pernillaodlund.se\/index.php?rest_route=\/wp\/v2\/posts"}],"about":[{"href":"http:\/\/pernillaodlund.se\/index.php?rest_route=\/wp\/v2\/types\/post"}],"author":[{"embeddable":true,"href":"http:\/\/pernillaodlund.se\/index.php?rest_route=\/wp\/v2\/users\/1"}],"replies":[{"embeddable":true,"href":"http:\/\/pernillaodlund.se\/index.php?rest_route=%2Fwp%2Fv2%2Fcomments&post=515"}],"version-history":[{"count":0,"href":"http:\/\/pernillaodlund.se\/index.php?rest_route=\/wp\/v2\/posts\/515\/revisions"}],"wp:attachment":[{"href":"http:\/\/pernillaodlund.se\/index.php?rest_route=%2Fwp%2Fv2%2Fmedia&parent=515"}],"wp:term":[{"taxonomy":"category","embeddable":true,"href":"http:\/\/pernillaodlund.se\/index.php?rest_route=%2Fwp%2Fv2%2Fcategories&post=515"},{"taxonomy":"post_tag","embeddable":true,"href":"http:\/\/pernillaodlund.se\/index.php?rest_route=%2Fwp%2Fv2%2Ftags&post=515"}],"curies":[{"name":"wp","href":"https:\/\/api.w.org\/{rel}","templated":true}]}}