{"id":517,"date":"2010-08-05T23:18:00","date_gmt":"2010-08-05T22:18:00","guid":{"rendered":"http:\/\/pernillaodlund.se\/?p=517"},"modified":"2010-08-05T23:18:00","modified_gmt":"2010-08-05T22:18:00","slug":"andrade-planer-3","status":"publish","type":"post","link":"http:\/\/pernillaodlund.se\/?p=517","title":{"rendered":">\u00c4ndrade planer"},"content":{"rendered":"<p>><span style=\"font-family: &quot;Helvetica Neue&quot;, Arial, Helvetica, sans-serif;\">Idag skulle E ha &#8221;hoppat&#8221; p\u00e5 Nido igen &#8211; vi t\u00e4nkte ha en studsserie p\u00e5 v\u00e4\u00e4ldigt l\u00e5g h\u00f6jd. Innan dess skulle vi ha ridit en sv\u00e4ng i skogen &#8211; jag p\u00e5 Rasmus. Men eftersom solen sken idag &#8211; vilket den ju inte gjort p\u00e5 ett bra tag s\u00e5 best\u00e4mde vi, i familjen, oss f\u00f6r att \u00e4ta tidig middag och sticka ut en sv\u00e4ng med b\u00e5ten.<\/span><\/p>\n<p><span style=\"font-family: &quot;Helvetica Neue&quot;, Arial, Helvetica, sans-serif;\">S\u00e5 efter att ha mockat 5 boxar, 1 hage, fyllt vatten i hagarna, gjort de h\u00f6p\u00e5sar som skulle g\u00f6ras och dragit in 8 k\u00e4rror med torv s\u00e5 \u00e5kte vi fr\u00e5n stallet i flygande fl\u00e4ng.<\/span><\/p>\n<p><span style=\"font-family: &quot;Helvetica Neue&quot;, Arial, Helvetica, sans-serif;\">Kv\u00e4llsdoppet var superh\u00e4rligt &#8211; 20 gr i vattnet och efter\u00e5t k\u00e4nde jag mig s\u00e5d\u00e4r superfr\u00e4sch som man bara g\u00f6r efter ett lite kallt bad \ud83d\ude00<\/span><\/p>\n<p><span style=\"font-family: &quot;Helvetica Neue&quot;, Arial, Helvetica, sans-serif;\">N\u00e4r vi kom hem gick jag en kort promis med b\u00e4sta A &#8230; tyv\u00e4rr gl\u00f6mde jag mina b\u00e4sta skor i stallet s\u00e5 jag fick faktiskt ont i kn\u00e4t. M\u00e5ste nog investera i ett par till MBT-skor, som jag kan ha hemma n\u00e4r jag t.ex vill g\u00e5 p\u00e5 promis.<\/span><\/p>\n<p><span style=\"font-family: Arial;\">I morgon \u00e4r det nya friska tag p\u00e5 ridningen &#8211; d\u00e5 \u00e4r det \u00e5terigen 3 h\u00e4star som ska motioneras &#8211; p\u00e5 tv\u00e5 personer. Men E-skruttisen (ung och frisk hihi) f\u00e5r ta hand om tv\u00e5 av dem &#8230; <\/span><\/p>\n","protected":false},"excerpt":{"rendered":"<p>>Idag skulle E ha &#8221;hoppat&#8221; p\u00e5 Nido igen &#8211; vi t\u00e4nkte ha en studsserie p\u00e5 v\u00e4\u00e4ldigt l\u00e5g h\u00f6jd. Innan dess skulle vi ha ridit en sv\u00e4ng i skogen &#8211; jag p\u00e5 Rasmus. Men eftersom solen sken idag &#8211; vilket den &hellip; <a href=\"http:\/\/pernillaodlund.se\/?p=517\">L\u00e4s mer <span class=\"meta-nav\">&rarr;<\/span><\/a><\/p>\n","protected":false},"author":1,"featured_media":0,"comment_status":"open","ping_status":"open","sticky":false,"template":"","format":"standard","meta":{"om_disable_all_campaigns":false,"_monsterinsights_skip_tracking":false,"_monsterinsights_sitenote_active":false,"_monsterinsights_sitenote_note":"","_monsterinsights_sitenote_category":0,"footnotes":""},"categories":[1],"tags":[],"class_list":["post-517","post","type-post","status-publish","format-standard","hentry","category-uncategorized"],"aioseo_notices":[],"_links":{"self":[{"href":"http:\/\/pernillaodlund.se\/index.php?rest_route=\/wp\/v2\/posts\/517","targetHints":{"allow":["GET"]}}],"collection":[{"href":"http:\/\/pernillaodlund.se\/index.php?rest_route=\/wp\/v2\/posts"}],"about":[{"href":"http:\/\/pernillaodlund.se\/index.php?rest_route=\/wp\/v2\/types\/post"}],"author":[{"embeddable":true,"href":"http:\/\/pernillaodlund.se\/index.php?rest_route=\/wp\/v2\/users\/1"}],"replies":[{"embeddable":true,"href":"http:\/\/pernillaodlund.se\/index.php?rest_route=%2Fwp%2Fv2%2Fcomments&post=517"}],"version-history":[{"count":0,"href":"http:\/\/pernillaodlund.se\/index.php?rest_route=\/wp\/v2\/posts\/517\/revisions"}],"wp:attachment":[{"href":"http:\/\/pernillaodlund.se\/index.php?rest_route=%2Fwp%2Fv2%2Fmedia&parent=517"}],"wp:term":[{"taxonomy":"category","embeddable":true,"href":"http:\/\/pernillaodlund.se\/index.php?rest_route=%2Fwp%2Fv2%2Fcategories&post=517"},{"taxonomy":"post_tag","embeddable":true,"href":"http:\/\/pernillaodlund.se\/index.php?rest_route=%2Fwp%2Fv2%2Ftags&post=517"}],"curies":[{"name":"wp","href":"https:\/\/api.w.org\/{rel}","templated":true}]}}