{"id":525,"date":"2010-08-19T09:27:00","date_gmt":"2010-08-19T08:27:00","guid":{"rendered":"http:\/\/pernillaodlund.se\/?p=525"},"modified":"2010-08-19T09:27:00","modified_gmt":"2010-08-19T08:27:00","slug":"en-halv-vecka","status":"publish","type":"post","link":"http:\/\/pernillaodlund.se\/?p=525","title":{"rendered":">En halv vecka"},"content":{"rendered":"<p>><span style=\"font-family: &quot;Helvetica Neue&quot;, Arial, Helvetica, sans-serif;\">Nu har halva veckan g\u00e5tt och vi har hunnit med en del &#8211; som vanligt. I m\u00e5ndags var vi p\u00e5 Mustang och provade ut sadlar till v\u00e5r nya stj\u00e4rna i familjen. Han \u00e4r s\u00e5 cool p\u00e5 nya platser och det gillar jag. <\/span><br \/><span style=\"font-family: &quot;Helvetica Neue&quot;, Arial, Helvetica, sans-serif;\">F\u00f6rst fick vi prova en hoppsadel och Nido betedde sig j\u00e4ttekonstigt inne i ridhuset. Han tog dubbelsteg och snubblade som aldrig f\u00f6rr. Visade tydligt att den d\u00e4r sadeln inte var sk\u00f6n. D\u00e5 fick vi prova en annan, en begagnad som E tyckte var enormt sk\u00f6n och det verkade Nido ocks\u00e5 tycka \ud83d\ude42<\/span><br \/><span style=\"font-family: &quot;Helvetica Neue&quot;, Arial, Helvetica, sans-serif;\">Sedan var det dags f\u00f6r dressyr och eftersom ekipaget verkade gilla hoppsadeln tog killen fram en dressyrsadel av samma m\u00e4rke (en hoppinspirerad dressyrsadel *hihi*) som E tyckte var toppen och hon kunde dessutom beh\u00e5lla sin fina sits. Det har hon n\u00e4mligen haft sv\u00e5rt f\u00f6r i utpr\u00e4glade dressyrsadlar. F\u00f6r att ha n\u00e5got att j\u00e4mf\u00f6ra med provades ocks\u00e5 en lite mer traditionell dressyrsadel. Den s\u00e5g s\u00e5 rolig ut p\u00e5 Nido &#8211; det s\u00e5g ut som det kom en sadel vandrades med en liten ponny under \ud83d\ude42<\/span><br \/><span style=\"font-family: &quot;Helvetica Neue&quot;, Arial, Helvetica, sans-serif;\">E gillade den inte och fick en mycket konstig sits s\u00e5 den valde vi snabbt bort.<\/span><br \/><span style=\"font-family: &quot;Helvetica Neue&quot;, Arial, Helvetica, sans-serif;\">S\u00e5 det blev dom tv\u00e5 sadlarna av samma m\u00e4rke &#8211; Jeremy Rudge.<\/span><\/p>\n<p><span style=\"font-family: &quot;Helvetica Neue&quot;, Arial, Helvetica, sans-serif;\">I g\u00e5r fick jag n\u00f6jet att premi\u00e4r-rida i dressyrsadeln &#8211; bara en kort tur i skogen men jag hann med att k\u00e4nna att det var en himla sk\u00f6n sadel \ud83d\ude42<\/span><\/p>\n<p><span style=\"font-family: &quot;Helvetica Neue&quot;, Arial, Helvetica, sans-serif;\">P\u00e5 kv\u00e4llen ig\u00e5r red E lektion f\u00f6r Annelie och det gick j\u00e4ttebra. Annelie tyckte att Nido r\u00f6rde sig b\u00e4ttre nu n\u00e4r han hade en egen utprovad sadel, j\u00e4mf\u00f6rt med n\u00e4r han hade Kakans sadel p\u00e5 sig.<\/span><br \/><span style=\"font-family: &quot;Helvetica Neue&quot;, Arial, Helvetica, sans-serif;\">Innan lektionen s\u00e5 tog E med sig Kakan ut p\u00e5 \u00e5kern &#8211; och dom hade j\u00e4ttekul \ud83d\ude42 Jag blir s\u00e5 avundsjuk &#8211; jag vill ocks\u00e5 rida p\u00e5 \u00e5kern. F\u00f6rra g\u00e5ngen den \u00e5kern gick att rida p\u00e5 s\u00e5 var jag d\u00e4r en kortis med E en endaste g\u00e5ng och nu har jag ingen h\u00e4st att rida d\u00e4r med \ud83d\ude41<\/span><\/p>\n<p><span style=\"font-family: Arial;\">E rider p\u00e5 \u00e5kern:<\/span><br \/><object height=\"344\" width=\"425\"><param name=\"movie\" value=\"http:\/\/www.youtube.com\/v\/uFDAooRlId4&#038;hl=sv&#038;fs=1\"><\/param><param name=\"allowFullScreen\" value=\"true\"><\/param><param name=\"allowscriptaccess\" value=\"always\"><\/param><embed src=\"http:\/\/www.youtube.com\/v\/uFDAooRlId4&#038;hl=sv&#038;fs=1\" type=\"application\/x-shockwave-flash\" allowscriptaccess=\"always\" allowfullscreen=\"true\" width=\"425\" height=\"344\"><\/embed><\/object><\/p>\n<p><span style=\"font-family: &quot;Helvetica Neue&quot;, Arial, Helvetica, sans-serif;\">E lektion f\u00f6r Anneli:<\/span><br \/><object height=\"344\" width=\"425\"><param name=\"movie\" value=\"http:\/\/www.youtube.com\/v\/s9JC3i1wCRU&#038;hl=sv&#038;fs=1\"><\/param><param name=\"allowFullScreen\" value=\"true\"><\/param><param name=\"allowscriptaccess\" value=\"always\"><\/param><embed src=\"http:\/\/www.youtube.com\/v\/s9JC3i1wCRU&#038;hl=sv&#038;fs=1\" type=\"application\/x-shockwave-flash\" allowscriptaccess=\"always\" allowfullscreen=\"true\" width=\"425\" height=\"344\"><\/embed><\/object><\/p>\n","protected":false},"excerpt":{"rendered":"<p>>Nu har halva veckan g\u00e5tt och vi har hunnit med en del &#8211; som vanligt. I m\u00e5ndags var vi p\u00e5 Mustang och provade ut sadlar till v\u00e5r nya stj\u00e4rna i familjen. Han \u00e4r s\u00e5 cool p\u00e5 nya platser och det &hellip; <a href=\"http:\/\/pernillaodlund.se\/?p=525\">L\u00e4s mer <span class=\"meta-nav\">&rarr;<\/span><\/a><\/p>\n","protected":false},"author":1,"featured_media":0,"comment_status":"open","ping_status":"open","sticky":false,"template":"","format":"standard","meta":{"om_disable_all_campaigns":false,"_monsterinsights_skip_tracking":false,"_monsterinsights_sitenote_active":false,"_monsterinsights_sitenote_note":"","_monsterinsights_sitenote_category":0,"footnotes":""},"categories":[1],"tags":[],"class_list":["post-525","post","type-post","status-publish","format-standard","hentry","category-uncategorized"],"aioseo_notices":[],"_links":{"self":[{"href":"http:\/\/pernillaodlund.se\/index.php?rest_route=\/wp\/v2\/posts\/525","targetHints":{"allow":["GET"]}}],"collection":[{"href":"http:\/\/pernillaodlund.se\/index.php?rest_route=\/wp\/v2\/posts"}],"about":[{"href":"http:\/\/pernillaodlund.se\/index.php?rest_route=\/wp\/v2\/types\/post"}],"author":[{"embeddable":true,"href":"http:\/\/pernillaodlund.se\/index.php?rest_route=\/wp\/v2\/users\/1"}],"replies":[{"embeddable":true,"href":"http:\/\/pernillaodlund.se\/index.php?rest_route=%2Fwp%2Fv2%2Fcomments&post=525"}],"version-history":[{"count":0,"href":"http:\/\/pernillaodlund.se\/index.php?rest_route=\/wp\/v2\/posts\/525\/revisions"}],"wp:attachment":[{"href":"http:\/\/pernillaodlund.se\/index.php?rest_route=%2Fwp%2Fv2%2Fmedia&parent=525"}],"wp:term":[{"taxonomy":"category","embeddable":true,"href":"http:\/\/pernillaodlund.se\/index.php?rest_route=%2Fwp%2Fv2%2Fcategories&post=525"},{"taxonomy":"post_tag","embeddable":true,"href":"http:\/\/pernillaodlund.se\/index.php?rest_route=%2Fwp%2Fv2%2Ftags&post=525"}],"curies":[{"name":"wp","href":"https:\/\/api.w.org\/{rel}","templated":true}]}}