{"id":527,"date":"2010-08-23T19:57:00","date_gmt":"2010-08-23T18:57:00","guid":{"rendered":"http:\/\/pernillaodlund.se\/?p=527"},"modified":"2010-08-23T19:57:00","modified_gmt":"2010-08-23T18:57:00","slug":"mala","status":"publish","type":"post","link":"http:\/\/pernillaodlund.se\/?p=527","title":{"rendered":">M\u00e5la"},"content":{"rendered":"<p>><span style=\"font-family: &quot;Helvetica Neue&quot;, Arial, Helvetica, sans-serif;\">Jag och B h\u00e5ller som b\u00e4st p\u00e5 och rustar upp hela hinderparken i stallet &#8211; vi m\u00e5lar alla tr\u00e4bommarna i glada, nya och fina f\u00e4rger. Det \u00e4r hur kul som helst och p\u00e5 l\u00f6rdag ska vi ha t\u00e4vling. T\u00e4nk vad skojigt det blir att bygga en bana i alla fina nya f\u00e4rger \ud83d\ude42<\/span><br \/><span style=\"font-family: &quot;Helvetica Neue&quot;, Arial, Helvetica, sans-serif;\">Vi har m\u00e5lat i rosa, turkos, vitt, svart, guld och gr\u00e5tt. Det blir bara s\u00e5\u00e5 fint. Jag ska fota s\u00e5 ni ocks\u00e5 f\u00e5r se!<\/span><\/p>\n<p><span style=\"font-family: Arial;\">Ikv\u00e4ll har jag och E varit p\u00e5 m\u00f6te med div II-allsvenska-laget. F\u00f6rst tr\u00e4ningen \u00e4r om precis en vecka. Tr\u00e4nare blir Cathrine Persson och det ska bli skoj &#8211; E har aldrig tr\u00e4nat f\u00f6r henne.<\/span><\/p>\n<p><span style=\"font-family: Arial;\">I l\u00f6rdags var vi iv\u00e4g och t\u00e4vlad uppe i Roslagen &#8211; strax utanf\u00f6r Norrt\u00e4lje. Meningen var att E och Kakan skulle starta en LD och en LC. Kakan var seg som tuggummi och b\u00e5de rev och stannade s\u00e5 vi str\u00f6k oss fr\u00e5n andra starten. Han har aldrig rivit p\u00e5 t\u00e4vling f\u00f6rrut och n\u00e5got k\u00e4ndes inte okej s\u00e5 d\u00e5 \u00e4r det b\u00e4ttre att \u00e5ka hem ist\u00e4llet. N\u00e4r vi kom hem kollade jag igenom honom ordentligt men jag kan inte se n\u00e5got och han \u00e4r absolut inte halt. Ig\u00e5r reds han av sin medryttare och jag kollade p\u00e5 &#8211; allt s\u00e5g bra ut. S\u00e5 han hade kanske helt enkelt en riktigt d\u00e5lig dag &#8230;<\/span><br \/><span style=\"font-family: Arial;\">Vi tar nya tag och hoppas att han \u00e4r lite mer p\u00e5 G n\u00e4r det v\u00e4l g\u00e4ller p\u00e5 allsvenskan \ud83d\ude42<\/span><\/p>\n","protected":false},"excerpt":{"rendered":"<p>>Jag och B h\u00e5ller som b\u00e4st p\u00e5 och rustar upp hela hinderparken i stallet &#8211; vi m\u00e5lar alla tr\u00e4bommarna i glada, nya och fina f\u00e4rger. Det \u00e4r hur kul som helst och p\u00e5 l\u00f6rdag ska vi ha t\u00e4vling. T\u00e4nk vad &hellip; <a href=\"http:\/\/pernillaodlund.se\/?p=527\">L\u00e4s mer <span class=\"meta-nav\">&rarr;<\/span><\/a><\/p>\n","protected":false},"author":1,"featured_media":0,"comment_status":"open","ping_status":"open","sticky":false,"template":"","format":"standard","meta":{"om_disable_all_campaigns":false,"_monsterinsights_skip_tracking":false,"_monsterinsights_sitenote_active":false,"_monsterinsights_sitenote_note":"","_monsterinsights_sitenote_category":0,"footnotes":""},"categories":[1],"tags":[],"class_list":["post-527","post","type-post","status-publish","format-standard","hentry","category-uncategorized"],"aioseo_notices":[],"_links":{"self":[{"href":"http:\/\/pernillaodlund.se\/index.php?rest_route=\/wp\/v2\/posts\/527","targetHints":{"allow":["GET"]}}],"collection":[{"href":"http:\/\/pernillaodlund.se\/index.php?rest_route=\/wp\/v2\/posts"}],"about":[{"href":"http:\/\/pernillaodlund.se\/index.php?rest_route=\/wp\/v2\/types\/post"}],"author":[{"embeddable":true,"href":"http:\/\/pernillaodlund.se\/index.php?rest_route=\/wp\/v2\/users\/1"}],"replies":[{"embeddable":true,"href":"http:\/\/pernillaodlund.se\/index.php?rest_route=%2Fwp%2Fv2%2Fcomments&post=527"}],"version-history":[{"count":0,"href":"http:\/\/pernillaodlund.se\/index.php?rest_route=\/wp\/v2\/posts\/527\/revisions"}],"wp:attachment":[{"href":"http:\/\/pernillaodlund.se\/index.php?rest_route=%2Fwp%2Fv2%2Fmedia&parent=527"}],"wp:term":[{"taxonomy":"category","embeddable":true,"href":"http:\/\/pernillaodlund.se\/index.php?rest_route=%2Fwp%2Fv2%2Fcategories&post=527"},{"taxonomy":"post_tag","embeddable":true,"href":"http:\/\/pernillaodlund.se\/index.php?rest_route=%2Fwp%2Fv2%2Ftags&post=527"}],"curies":[{"name":"wp","href":"https:\/\/api.w.org\/{rel}","templated":true}]}}