{"id":538,"date":"2010-09-01T21:14:00","date_gmt":"2010-09-01T20:14:00","guid":{"rendered":"http:\/\/pernillaodlund.se\/?p=538"},"modified":"2010-09-01T21:14:00","modified_gmt":"2010-09-01T20:14:00","slug":"mitt-livs-solstrale","status":"publish","type":"post","link":"http:\/\/pernillaodlund.se\/?p=538","title":{"rendered":">Mitt livs solstr\u00e5le"},"content":{"rendered":"<p>><span style=\"font-family: &quot;Helvetica Neue&quot;, Arial, Helvetica, sans-serif;\">har idag ridit lektion p\u00e5 sin lilla ponny f\u00f6r Annelie &#8211; en dressyrlektion. \u00c5h vad duktiga dom \u00e4r. Jag blir s\u00e5 glad n\u00e4r jag ser dom. Dom \u00e4r s\u00e5 samspelta och glada tillsammans. Efter\u00e5t sa E att vad duktig han \u00e4nd\u00e5 \u00e4r Kakan, bara jag g\u00f6r r\u00e4tt s\u00e5 kan han.<\/span><\/p>\n<p><span style=\"font-family: &quot;Helvetica Neue&quot;, Arial, Helvetica, sans-serif;\">Som jag \u00e4lskar den ponnyn &#8211; oavsett vad som h\u00e4nder i framtiden tror jag att han alltid kommer finnas d\u00e4r l\u00e4ngst fram i hj\u00e4rtat &lt;3<\/span><\/p>\n<p><span style=\"font-family: Arial;\">Jag har haft en enormt l\u00e5\u00e5\u00e5ng dag s\u00e5 jag orkar inte l\u00e4gga upp en film nu, men det kommer &#8211; en film fr\u00e5n dagens lektion allts\u00e5. S\u00e5 l\u00e4nge bjuder jag p\u00e5 en fin-fin bild p\u00e5 v\u00e4rldens finaste ekipage:<\/span><\/p>\n<div class=\"separator\" style=\"clear: both; text-align: center;\"><a href=\"http:\/\/1.bp.blogspot.com\/_1lpcQBoi3rU\/TH60EoXiS3I\/AAAAAAAABtI\/1BXxdMiRTUg\/s1600\/DSC_8287_x.jpg\" imageanchor=\"1\" style=\"margin-left: 1em; margin-right: 1em;\"><img loading=\"lazy\" decoding=\"async\" border=\"0\" height=\"400\" ox=\"true\" src=\"http:\/\/1.bp.blogspot.com\/_1lpcQBoi3rU\/TH60EoXiS3I\/AAAAAAAABtI\/1BXxdMiRTUg\/s400\/DSC_8287_x.jpg\" width=\"282\" \/><\/a><\/div>\n","protected":false},"excerpt":{"rendered":"<p>>har idag ridit lektion p\u00e5 sin lilla ponny f\u00f6r Annelie &#8211; en dressyrlektion. \u00c5h vad duktiga dom \u00e4r. Jag blir s\u00e5 glad n\u00e4r jag ser dom. Dom \u00e4r s\u00e5 samspelta och glada tillsammans. Efter\u00e5t sa E att vad duktig han &hellip; <a href=\"http:\/\/pernillaodlund.se\/?p=538\">L\u00e4s mer <span class=\"meta-nav\">&rarr;<\/span><\/a><\/p>\n","protected":false},"author":1,"featured_media":0,"comment_status":"open","ping_status":"open","sticky":false,"template":"","format":"standard","meta":{"om_disable_all_campaigns":false,"_monsterinsights_skip_tracking":false,"_monsterinsights_sitenote_active":false,"_monsterinsights_sitenote_note":"","_monsterinsights_sitenote_category":0,"footnotes":""},"categories":[1],"tags":[],"class_list":["post-538","post","type-post","status-publish","format-standard","hentry","category-uncategorized"],"aioseo_notices":[],"_links":{"self":[{"href":"http:\/\/pernillaodlund.se\/index.php?rest_route=\/wp\/v2\/posts\/538","targetHints":{"allow":["GET"]}}],"collection":[{"href":"http:\/\/pernillaodlund.se\/index.php?rest_route=\/wp\/v2\/posts"}],"about":[{"href":"http:\/\/pernillaodlund.se\/index.php?rest_route=\/wp\/v2\/types\/post"}],"author":[{"embeddable":true,"href":"http:\/\/pernillaodlund.se\/index.php?rest_route=\/wp\/v2\/users\/1"}],"replies":[{"embeddable":true,"href":"http:\/\/pernillaodlund.se\/index.php?rest_route=%2Fwp%2Fv2%2Fcomments&post=538"}],"version-history":[{"count":0,"href":"http:\/\/pernillaodlund.se\/index.php?rest_route=\/wp\/v2\/posts\/538\/revisions"}],"wp:attachment":[{"href":"http:\/\/pernillaodlund.se\/index.php?rest_route=%2Fwp%2Fv2%2Fmedia&parent=538"}],"wp:term":[{"taxonomy":"category","embeddable":true,"href":"http:\/\/pernillaodlund.se\/index.php?rest_route=%2Fwp%2Fv2%2Fcategories&post=538"},{"taxonomy":"post_tag","embeddable":true,"href":"http:\/\/pernillaodlund.se\/index.php?rest_route=%2Fwp%2Fv2%2Ftags&post=538"}],"curies":[{"name":"wp","href":"https:\/\/api.w.org\/{rel}","templated":true}]}}