{"id":540,"date":"2010-09-03T21:41:00","date_gmt":"2010-09-03T20:41:00","guid":{"rendered":"http:\/\/pernillaodlund.se\/?p=540"},"modified":"2010-09-03T21:41:00","modified_gmt":"2010-09-03T20:41:00","slug":"tagit-reda-pa-fakta","status":"publish","type":"post","link":"http:\/\/pernillaodlund.se\/?p=540","title":{"rendered":">Tagit reda p\u00e5 fakta"},"content":{"rendered":"<p>><span style=\"font-family: &quot;Helvetica Neue&quot;, Arial, Helvetica, sans-serif;\">har jag gjort idag. Eftersom E satsar p\u00e5 att kvala in till ung-ponny championatet n\u00e4sta \u00e5r var jag tvungen att ta reda p\u00e5 hur man kvalar in i de olika l\u00e4tta klasserna med en ungponny. Det visade sig vara s\u00e5 att man med en 5-\u00e5ring <strong>bara<\/strong> f\u00e5r starta avd B (det visste jag) MEN man kan starta i klasserna LD-LA hur man vill bara man g\u00f6r det i avd B. N\u00e4r sedan ponnyn \u00e4r 6 \u00e5r m\u00e5ste man g\u00e5 tv\u00e5 felfria rundor i avd B innan man f\u00e5r starta i avd A i samma klass. Bra s\u00e5.<\/span><\/p>\n<p><span style=\"font-family: &quot;Helvetica Neue&quot;, Arial, Helvetica, sans-serif;\">F\u00f6r att kvala in i ungponny championatet m\u00e5ste man klara av 2 felfria rundo i LA av totalt 8 f\u00f6rs\u00f6k. Man beh\u00f6ver bara vara felfri i grunden (vilket jag antar betyder att man kan starta i avd B?). Finalen g\u00e5r i LA. Och bed\u00f6mningen \u00e4r:<\/span><\/p>\n<p><em><span style=\"font-family: &quot;Helvetica Neue&quot;, Arial, Helvetica, sans-serif;\">&#8221;H\u00e4stens ridbarhet, teknik och kapacitet vilket utg\u00f6r h\u00e4stens f\u00f6rm\u00e5ga, bed\u00f6ms under ett betyg fr\u00e5n 0 \u2013 <\/span><span style=\"font-family: &quot;Helvetica Neue&quot;, Arial, Helvetica, sans-serif;\">10,0 d\u00e4r tiondelar anv\u00e4nds.&#8221;<\/span><\/em><\/p>\n<p><span style=\"font-family: &quot;Helvetica Neue&quot;, Arial, Helvetica, sans-serif;\">F\u00f6r Nido \u00e4r LA=1,00m. Vilket k\u00e4nns som en rimlig h\u00f6jd \u00e4ven om E \u00e4r &#8221;ung&#8221;. Vi har detta som m\u00e5l s\u00e5 f\u00e5r vi se hur l\u00e5ngt vi kommer. <span style=\"font-size: xx-small;\">Ja, jag s\u00e4ger <strong>vi <\/strong>&#8211; f\u00f6r utan mig kommer hon inte s\u00e5 l\u00e5ngt hihi<\/span><\/span><\/p>\n<p><span style=\"font-family: &quot;Helvetica Neue&quot;, Arial, Helvetica, sans-serif;\">I vilket fall &#8211; ska dom klara det h\u00e4r s\u00e5 m\u00e5ste dom starta LB innan detta \u00e5r \u00e4r slut &#8211; t\u00e4nker jag. S\u00e5 &#8211; nu \u00e4r hon anm\u00e4ld till LB p\u00e5 Katrineholms Ryttarf\u00f6rening den 9 oktober. Det f\u00e5r bli en test-omg\u00e5ng. Funkar det s\u00e5 \u00e4r det toppen, funkar det inte s\u00e5 \u00e4r det inte katastrof. Man har fram till augusti n\u00e4sta \u00e5r p\u00e5 sig att klara sina tv\u00e5 felfria LA-rundor.<\/span><br \/><span style=\"font-family: Arial; font-size: x-small;\">(Helgen efter \u00e4r det debut i dressyr &#8211; LC:1 p\u00e5 Botkyrka :))<\/span><\/p>\n<p><span style=\"font-family: Arial;\">N\u00e4r jag kollade upp det h\u00e4r med ung-ponny championatet s\u00e5 t\u00e4nkte jag att attans det \u00e4r bara 5- och 6-\u00e5ringar som kan starta men idag n\u00e4r jag letade p\u00e5 Ridsports hemsida hittade jag en annan t\u00e4vling som ocks\u00e5 \u00e4r f\u00f6r unga ponnyer och d\u00e4r \u00e4r \u00e4ven 7-\u00e5ringar v\u00e4lkomna. S\u00e5 om vi misslyckas n\u00e4sta \u00e5r s\u00e5 kan vi alltid f\u00f6rs\u00f6ka n\u00e4st-n\u00e4sta \u00e5r. \u00c4ven d\u00e4r \u00e4r det mera stil och h\u00e4stens teknik som premieras \u00e4n tiden &#8211; det \u00e4r bra \ud83d\ude42<\/span><\/p>\n<p><span style=\"font-family: Arial;\">Nu b\u00f6rjar t\u00e4vlingsnerverna komma ikapp mig lite &#8230; fast jag m\u00e5ste s\u00e4ga att det \u00e4r lite mindre nerv\u00f6st f\u00f6r varje g\u00e5ng &#8230; tur \u00e4r v\u00e4l det. P\u00e5 s\u00f6ndag g\u00e4ller det. Nu har vi gjort vad vi kan n\u00e4r det g\u00e4ller om det ska g\u00e5 bra f\u00f6r Kakan p\u00e5 s\u00f6ndag &#8211; vi har tr\u00e4nat intervall f\u00f6r att f\u00e5 upp fl\u00e5set, vi har tr\u00e4nat teknik b\u00e5de hemma och hos Jenny och han har f\u00e5tt g\u00f6ra varierade saker HELA veckan. H\u00e5ll tummarna!! \ud83d\ude00<\/span><\/p>\n","protected":false},"excerpt":{"rendered":"<p>>har jag gjort idag. Eftersom E satsar p\u00e5 att kvala in till ung-ponny championatet n\u00e4sta \u00e5r var jag tvungen att ta reda p\u00e5 hur man kvalar in i de olika l\u00e4tta klasserna med en ungponny. Det visade sig vara s\u00e5 &hellip; <a href=\"http:\/\/pernillaodlund.se\/?p=540\">L\u00e4s mer <span class=\"meta-nav\">&rarr;<\/span><\/a><\/p>\n","protected":false},"author":1,"featured_media":0,"comment_status":"open","ping_status":"open","sticky":false,"template":"","format":"standard","meta":{"om_disable_all_campaigns":false,"_monsterinsights_skip_tracking":false,"_monsterinsights_sitenote_active":false,"_monsterinsights_sitenote_note":"","_monsterinsights_sitenote_category":0,"footnotes":""},"categories":[1],"tags":[],"class_list":["post-540","post","type-post","status-publish","format-standard","hentry","category-uncategorized"],"aioseo_notices":[],"_links":{"self":[{"href":"http:\/\/pernillaodlund.se\/index.php?rest_route=\/wp\/v2\/posts\/540","targetHints":{"allow":["GET"]}}],"collection":[{"href":"http:\/\/pernillaodlund.se\/index.php?rest_route=\/wp\/v2\/posts"}],"about":[{"href":"http:\/\/pernillaodlund.se\/index.php?rest_route=\/wp\/v2\/types\/post"}],"author":[{"embeddable":true,"href":"http:\/\/pernillaodlund.se\/index.php?rest_route=\/wp\/v2\/users\/1"}],"replies":[{"embeddable":true,"href":"http:\/\/pernillaodlund.se\/index.php?rest_route=%2Fwp%2Fv2%2Fcomments&post=540"}],"version-history":[{"count":0,"href":"http:\/\/pernillaodlund.se\/index.php?rest_route=\/wp\/v2\/posts\/540\/revisions"}],"wp:attachment":[{"href":"http:\/\/pernillaodlund.se\/index.php?rest_route=%2Fwp%2Fv2%2Fmedia&parent=540"}],"wp:term":[{"taxonomy":"category","embeddable":true,"href":"http:\/\/pernillaodlund.se\/index.php?rest_route=%2Fwp%2Fv2%2Fcategories&post=540"},{"taxonomy":"post_tag","embeddable":true,"href":"http:\/\/pernillaodlund.se\/index.php?rest_route=%2Fwp%2Fv2%2Ftags&post=540"}],"curies":[{"name":"wp","href":"https:\/\/api.w.org\/{rel}","templated":true}]}}