{"id":548,"date":"2010-09-16T09:25:00","date_gmt":"2010-09-16T08:25:00","guid":{"rendered":"http:\/\/pernillaodlund.se\/?p=548"},"modified":"2010-09-16T09:25:00","modified_gmt":"2010-09-16T08:25:00","slug":"konstigt-trott","status":"publish","type":"post","link":"http:\/\/pernillaodlund.se\/?p=548","title":{"rendered":">Konstigt tr\u00f6tt"},"content":{"rendered":"<p>><span style=\"font-family: &quot;Helvetica Neue&quot;, Arial, Helvetica, sans-serif;\">I tisdags var jag enormt snuvig och t\u00e4nkte att jag nog skulle vakna och vara rej\u00e4lt f\u00f6rkyld p\u00e5 onsdagen. P\u00e5 onsdagen vaknade jag och k\u00e4nde mig s\u00e5 tr\u00f6tt s\u00e5 det k\u00e4ndes som jag nyss somnat. Of\u00f6rklarligt tr\u00f6tt. Detta h\u00f6ll i sig HELA dagen. S\u00e5 fort jag satte mig i bilen och skulle k\u00f6ra bil (och det blev en del bilk\u00f6rning ig\u00e5r) s\u00e5 k\u00e4ndes det som jag skulle somna. Och s\u00e5 k\u00e4nner jag mig aldrig, inte ens n\u00e4r jag k\u00f6rt riktigt l\u00e5ngt. V\u00e4ldigt konstigt. Jag somnade vid 10-tiden ig\u00e5r och sov i n\u00e4stan 10 timmar och \u00e4r forfarande precis lika tr\u00f6tt. V\u00e4ldigt, v\u00e4ldigt konstigt :S<\/span><\/p>\n<p><span style=\"font-family: &quot;Helvetica Neue&quot;, Arial, Helvetica, sans-serif;\">I g\u00e5r var det dags f\u00f6r lilla Kakan att vaccineras och eftersom han \u00e4r extremt sprutr\u00e4dd s\u00e5 blir det b\u00e4sta Marianne som f\u00e5r komma och &#8221;lura&#8221; honom. Hon sticker honom i f\u00f6rbifarten n\u00e4r han \u00e4r p\u00e5 v\u00e4g ut fr\u00e5n sin box &#8211; j\u00e4ttebra. Han hinner inte reagera och bli uppr\u00f6rd. Det enda han m\u00e4rker \u00e4r att han f\u00e5r ett stick i halsen p\u00e5 v\u00e4gen ut ur sin box, han hoppar till och sedan \u00e4r det \u00f6ver. Jag \u00e4r s\u00e5\u00e5\u00e5 glad \u00f6ver att vi har Marianne f\u00f6r annars hade vi aldrig kunnat ha honom till t\u00e4vling.<\/span><br \/><span style=\"font-family: &quot;Helvetica Neue&quot;, Arial, Helvetica, sans-serif;\">Efter vi lunchat h\u00e4starna \u00e5kte vi iv\u00e4g och k\u00f6pte foder till h\u00e4starna. Vi beh\u00f6vde mineraler och lucern pellets. Dessutom hittade jag ett par j\u00e4ttefina lila gummist\u00f6vlar \ud83d\ude42 P\u00e5 morgonen n\u00e4r vi tog ut h\u00e4starna och det regnade uppt\u00e4ckte jag att mina gummist\u00f6vlar inte var hela, det l\u00e4cker in vatten vid t\u00e5rna s\u00e5 det passade ju j\u00e4ttebra att jag hittade nya \ud83d\ude42 Jag k\u00f6pte ett par i n\u00e5gra nummer f\u00f6r stort s\u00e5 jag f\u00e5r plats med raggsockor i vinter.<\/span><br \/><span style=\"font-family: &quot;Helvetica Neue&quot;, Arial, Helvetica, sans-serif;\">Sen \u00e5kte vi iv\u00e4g och \u00e5t lunch sj\u00e4lva innan vi \u00e5kte tillbaka f\u00f6r att t\u00f6mk\u00f6ra Rasmus. N\u00e4r vi var klara med det kom E ut p\u00e5 ridbanan f\u00e4rdig f\u00f6r lektion. Jag satt och tittade n\u00e4r hon red. Hon fick massor med ber\u00f6m f\u00f6r att hon tagit till sig allt Annelie sa f\u00f6rra g\u00e5ngen och g\u00e5tt vidare med det. Ska se om jag hittar n\u00e5gon l\u00e4mplig film att l\u00e4gga upp h\u00e4r &#8211; jag filmade lite med min Iphone.<\/span><br \/><span style=\"font-family: &quot;Helvetica Neue&quot;, Arial, Helvetica, sans-serif;\">Efter lektionen skrittade hon och T ut p\u00e5 Kakan och Castor &#8211; bara en skrittsv\u00e4ng i skogen p\u00e5 ca 30 min. Sk\u00f6nt f\u00f6r b\u00e5da att f\u00e5 komma ut en lugn sv\u00e4ng \ud83d\ude42<\/span><\/p>\n<p><span style=\"font-family: &quot;Helvetica Neue&quot;, Arial, Helvetica, sans-serif;\">Idag \u00e4r det dags f\u00f6r Jenny-tr\u00e4ning igen och fram tills det \u00e4r dags att \u00e5ka iv\u00e4g till stallet ska jag g\u00f6ra INGENTING. Jag \u00e4r s\u00e5 tr\u00f6tt s\u00e5 det \u00e4r helt enkelt inte klokt &#8230; \ud83d\ude41<\/span><\/p>\n","protected":false},"excerpt":{"rendered":"<p>>I tisdags var jag enormt snuvig och t\u00e4nkte att jag nog skulle vakna och vara rej\u00e4lt f\u00f6rkyld p\u00e5 onsdagen. P\u00e5 onsdagen vaknade jag och k\u00e4nde mig s\u00e5 tr\u00f6tt s\u00e5 det k\u00e4ndes som jag nyss somnat. Of\u00f6rklarligt tr\u00f6tt. Detta h\u00f6ll i &hellip; <a href=\"http:\/\/pernillaodlund.se\/?p=548\">L\u00e4s mer <span class=\"meta-nav\">&rarr;<\/span><\/a><\/p>\n","protected":false},"author":1,"featured_media":0,"comment_status":"open","ping_status":"open","sticky":false,"template":"","format":"standard","meta":{"om_disable_all_campaigns":false,"_monsterinsights_skip_tracking":false,"_monsterinsights_sitenote_active":false,"_monsterinsights_sitenote_note":"","_monsterinsights_sitenote_category":0,"footnotes":""},"categories":[1],"tags":[],"class_list":["post-548","post","type-post","status-publish","format-standard","hentry","category-uncategorized"],"aioseo_notices":[],"_links":{"self":[{"href":"http:\/\/pernillaodlund.se\/index.php?rest_route=\/wp\/v2\/posts\/548","targetHints":{"allow":["GET"]}}],"collection":[{"href":"http:\/\/pernillaodlund.se\/index.php?rest_route=\/wp\/v2\/posts"}],"about":[{"href":"http:\/\/pernillaodlund.se\/index.php?rest_route=\/wp\/v2\/types\/post"}],"author":[{"embeddable":true,"href":"http:\/\/pernillaodlund.se\/index.php?rest_route=\/wp\/v2\/users\/1"}],"replies":[{"embeddable":true,"href":"http:\/\/pernillaodlund.se\/index.php?rest_route=%2Fwp%2Fv2%2Fcomments&post=548"}],"version-history":[{"count":0,"href":"http:\/\/pernillaodlund.se\/index.php?rest_route=\/wp\/v2\/posts\/548\/revisions"}],"wp:attachment":[{"href":"http:\/\/pernillaodlund.se\/index.php?rest_route=%2Fwp%2Fv2%2Fmedia&parent=548"}],"wp:term":[{"taxonomy":"category","embeddable":true,"href":"http:\/\/pernillaodlund.se\/index.php?rest_route=%2Fwp%2Fv2%2Fcategories&post=548"},{"taxonomy":"post_tag","embeddable":true,"href":"http:\/\/pernillaodlund.se\/index.php?rest_route=%2Fwp%2Fv2%2Ftags&post=548"}],"curies":[{"name":"wp","href":"https:\/\/api.w.org\/{rel}","templated":true}]}}