{"id":553,"date":"2010-09-25T19:42:00","date_gmt":"2010-09-25T18:42:00","guid":{"rendered":"http:\/\/pernillaodlund.se\/?p=553"},"modified":"2010-09-25T19:42:00","modified_gmt":"2010-09-25T18:42:00","slug":"tillbaka","status":"publish","type":"post","link":"http:\/\/pernillaodlund.se\/?p=553","title":{"rendered":">Tillbaka"},"content":{"rendered":"<p>><span style=\"font-family: &quot;Helvetica Neue&quot;, Arial, Helvetica, sans-serif;\">S\u00e5 nu \u00e4r jag tillbaka hemma igen. Jag har varit hos min bror, tillsammans med min syster i n\u00e5gra dagar. Det har varit v\u00e4\u00e4ldigt trevligt \ud83d\ude42 Vi har pratat, flamsat, tjattrat, druckit vin och \u00e4tit j\u00e4ttegod mat. Tusen tack till bror, syster och sv\u00e4gerska. Goa sv\u00e4gerskan f\u00f6ljde med hem och ska vara h\u00e4r n\u00e5gra dagar. Det tycker vi om \ud83d\ude42<\/span><\/p>\n<p><span style=\"font-family: &quot;Helvetica Neue&quot;, Arial, Helvetica, sans-serif;\">I onsdags \u00e5kte E till Runsten med Nido och hoppade 70 och 80cm. Meningen var att hoppa 90cm men det blev \u00e4ndrat i sista stund. Hon fick hj\u00e4lp av sn\u00e4lla Mia och eftersom Mias dotter skulle hoppa 70 och 80 s\u00e5 passade det b\u00e4ttre om E ocks\u00e5 gjorde det.<\/span><br \/><span style=\"font-family: &quot;Helvetica Neue&quot;, Arial, Helvetica, sans-serif;\">I 70cm var dom felfria och red en fantastiskt bra runda &#8211; som jag hann se precis innan det var dags att \u00e5ka iv\u00e4g till bror.<\/span><br \/><span style=\"font-family: &quot;Helvetica Neue&quot;, Arial, Helvetica, sans-serif;\">I 80cm rev dom sista hindret. E s\u00e4ger det berodde p\u00e5 henne \ud83d\ude42<\/span><\/p>\n<p><span style=\"font-family: &quot;Helvetica Neue&quot;, Arial, Helvetica, sans-serif;\">I morgon \u00e5ker vi till Tyres\u00f6 med Nido och hoppar 80cm. Det blir roligt och jag hoppas dom blir felfria.<\/span><\/p>\n<p><span style=\"font-family: &quot;Helvetica Neue&quot;, Arial, Helvetica, sans-serif;\">P\u00e5 m\u00e5ndag ska E och Kakan vara med i Skol-DM p\u00e5 Rastaborg. Det blir en enormt tidigt morgon \ud83d\ude41 men s\u00e4kert en rolig dag \ud83d\ude42 Skol-DM rids i h\u00f6jden LC+5 s\u00e5 det ska nog Kakan klara.<\/span><\/p>\n<p><span style=\"font-family: Arial;\">N\u00e4sta&nbsp;l\u00f6rdag \u00e4r det dags f\u00f6r n\u00e4sta omg\u00e5ng i Allsvenskan Div II. <\/span><\/p>\n","protected":false},"excerpt":{"rendered":"<p>>S\u00e5 nu \u00e4r jag tillbaka hemma igen. Jag har varit hos min bror, tillsammans med min syster i n\u00e5gra dagar. Det har varit v\u00e4\u00e4ldigt trevligt \ud83d\ude42 Vi har pratat, flamsat, tjattrat, druckit vin och \u00e4tit j\u00e4ttegod mat. Tusen tack till &hellip; <a href=\"http:\/\/pernillaodlund.se\/?p=553\">L\u00e4s mer <span class=\"meta-nav\">&rarr;<\/span><\/a><\/p>\n","protected":false},"author":1,"featured_media":0,"comment_status":"open","ping_status":"open","sticky":false,"template":"","format":"standard","meta":{"om_disable_all_campaigns":false,"_monsterinsights_skip_tracking":false,"_monsterinsights_sitenote_active":false,"_monsterinsights_sitenote_note":"","_monsterinsights_sitenote_category":0,"footnotes":""},"categories":[1],"tags":[],"class_list":["post-553","post","type-post","status-publish","format-standard","hentry","category-uncategorized"],"aioseo_notices":[],"_links":{"self":[{"href":"http:\/\/pernillaodlund.se\/index.php?rest_route=\/wp\/v2\/posts\/553","targetHints":{"allow":["GET"]}}],"collection":[{"href":"http:\/\/pernillaodlund.se\/index.php?rest_route=\/wp\/v2\/posts"}],"about":[{"href":"http:\/\/pernillaodlund.se\/index.php?rest_route=\/wp\/v2\/types\/post"}],"author":[{"embeddable":true,"href":"http:\/\/pernillaodlund.se\/index.php?rest_route=\/wp\/v2\/users\/1"}],"replies":[{"embeddable":true,"href":"http:\/\/pernillaodlund.se\/index.php?rest_route=%2Fwp%2Fv2%2Fcomments&post=553"}],"version-history":[{"count":0,"href":"http:\/\/pernillaodlund.se\/index.php?rest_route=\/wp\/v2\/posts\/553\/revisions"}],"wp:attachment":[{"href":"http:\/\/pernillaodlund.se\/index.php?rest_route=%2Fwp%2Fv2%2Fmedia&parent=553"}],"wp:term":[{"taxonomy":"category","embeddable":true,"href":"http:\/\/pernillaodlund.se\/index.php?rest_route=%2Fwp%2Fv2%2Fcategories&post=553"},{"taxonomy":"post_tag","embeddable":true,"href":"http:\/\/pernillaodlund.se\/index.php?rest_route=%2Fwp%2Fv2%2Ftags&post=553"}],"curies":[{"name":"wp","href":"https:\/\/api.w.org\/{rel}","templated":true}]}}