{"id":556,"date":"2010-09-27T22:14:00","date_gmt":"2010-09-27T21:14:00","guid":{"rendered":"http:\/\/pernillaodlund.se\/?p=556"},"modified":"2010-09-27T22:14:00","modified_gmt":"2010-09-27T21:14:00","slug":"far-jag-lov-att-presentera-cuba","status":"publish","type":"post","link":"http:\/\/pernillaodlund.se\/?p=556","title":{"rendered":">F\u00e5r jag lov att presentera Cuba"},"content":{"rendered":"<p>><span style=\"font-family: &quot;Helvetica Neue&quot;, Arial, Helvetica, sans-serif;\">MIN nya ponny &#8211; halvsyster till Nido, 5 \u00e5r. Dom har samma pappa men olika mammor (n\u00e5gon sa att det inte kallas halvsyster d\u00e5 &#8230; men \u00e4nd\u00e5).<\/span><br \/><span style=\"font-family: &quot;Helvetica Neue&quot;, Arial, Helvetica, sans-serif;\">Hon \u00e4r, precis som Nido, framavlad f\u00f6r att bli f\u00e4ltt\u00e4vlansh\u00e4st. Har startat tre g\u00e5nger och blivit placerad 2a plats 2 g\u00e5nger. P\u00e5 Runsten i onsdags nollade hon 70cm och rev ett hinder i 80cm.<\/span><\/p>\n<p><span style=\"font-family: &quot;Helvetica Neue&quot;, Arial, Helvetica, sans-serif;\">Som med allt annat i mitt liv &#8211; &#8221;ramlade&#8221; hon ner i huvudet p\u00e5 mig. Det brukar bli b\u00e4st s\u00e5dana g\u00e5nger. Jag kunde inte motst\u00e5 henne &#8211; hon \u00e4r bed\u00e5rande s\u00f6t och riktigt rolig att rida &#8211; dock inte lika het som Nido.<\/span><\/p>\n<p><span style=\"font-family: Arial;\">Hon \u00e4r ca 145 cm h\u00f6g och v\u00e4xer v\u00e4l lite till. Eftersom hon \u00e4r D-ponny kommer Emma hj\u00e4lpa mig att t\u00e4vla henne \ud83d\ude42<\/span><br \/><span style=\"font-family: Arial;\">JAG ska mest rida i skogen.<\/span><\/p>\n<div class=\"separator\" style=\"clear: both; text-align: center;\"><a href=\"http:\/\/1.bp.blogspot.com\/_1lpcQBoi3rU\/TKEI7GE3m2I\/AAAAAAAABu4\/gpLFoBKGJ5c\/s1600\/cuba_dag1.jpg\" imageanchor=\"1\" style=\"margin-left: 1em; margin-right: 1em;\"><img loading=\"lazy\" decoding=\"async\" border=\"0\" height=\"400\" px=\"true\" src=\"http:\/\/1.bp.blogspot.com\/_1lpcQBoi3rU\/TKEI7GE3m2I\/AAAAAAAABu4\/gpLFoBKGJ5c\/s400\/cuba_dag1.jpg\" width=\"365\" \/><\/a><\/div>\n<p><span style=\"font-size: x-small;\">Tyv\u00e4rr \u00e4r fotot lite suddigt &#8211; jag tog det &#8221;i f\u00f6rbifarten&#8221; n\u00e4r jag skulle \u00e5ka fr\u00e5n stallet idag.<\/span> <\/p>\n<div align=\"center\">\ufeff<\/div>\n","protected":false},"excerpt":{"rendered":"<p>>MIN nya ponny &#8211; halvsyster till Nido, 5 \u00e5r. Dom har samma pappa men olika mammor (n\u00e5gon sa att det inte kallas halvsyster d\u00e5 &#8230; men \u00e4nd\u00e5).Hon \u00e4r, precis som Nido, framavlad f\u00f6r att bli f\u00e4ltt\u00e4vlansh\u00e4st. Har startat tre g\u00e5nger &hellip; <a href=\"http:\/\/pernillaodlund.se\/?p=556\">L\u00e4s mer <span class=\"meta-nav\">&rarr;<\/span><\/a><\/p>\n","protected":false},"author":1,"featured_media":0,"comment_status":"open","ping_status":"open","sticky":false,"template":"","format":"standard","meta":{"om_disable_all_campaigns":false,"_monsterinsights_skip_tracking":false,"_monsterinsights_sitenote_active":false,"_monsterinsights_sitenote_note":"","_monsterinsights_sitenote_category":0,"footnotes":""},"categories":[1],"tags":[],"class_list":["post-556","post","type-post","status-publish","format-standard","hentry","category-uncategorized"],"aioseo_notices":[],"_links":{"self":[{"href":"http:\/\/pernillaodlund.se\/index.php?rest_route=\/wp\/v2\/posts\/556","targetHints":{"allow":["GET"]}}],"collection":[{"href":"http:\/\/pernillaodlund.se\/index.php?rest_route=\/wp\/v2\/posts"}],"about":[{"href":"http:\/\/pernillaodlund.se\/index.php?rest_route=\/wp\/v2\/types\/post"}],"author":[{"embeddable":true,"href":"http:\/\/pernillaodlund.se\/index.php?rest_route=\/wp\/v2\/users\/1"}],"replies":[{"embeddable":true,"href":"http:\/\/pernillaodlund.se\/index.php?rest_route=%2Fwp%2Fv2%2Fcomments&post=556"}],"version-history":[{"count":0,"href":"http:\/\/pernillaodlund.se\/index.php?rest_route=\/wp\/v2\/posts\/556\/revisions"}],"wp:attachment":[{"href":"http:\/\/pernillaodlund.se\/index.php?rest_route=%2Fwp%2Fv2%2Fmedia&parent=556"}],"wp:term":[{"taxonomy":"category","embeddable":true,"href":"http:\/\/pernillaodlund.se\/index.php?rest_route=%2Fwp%2Fv2%2Fcategories&post=556"},{"taxonomy":"post_tag","embeddable":true,"href":"http:\/\/pernillaodlund.se\/index.php?rest_route=%2Fwp%2Fv2%2Ftags&post=556"}],"curies":[{"name":"wp","href":"https:\/\/api.w.org\/{rel}","templated":true}]}}