{"id":559,"date":"2010-09-29T10:15:00","date_gmt":"2010-09-29T09:15:00","guid":{"rendered":"http:\/\/pernillaodlund.se\/?p=559"},"modified":"2010-09-29T10:15:00","modified_gmt":"2010-09-29T09:15:00","slug":"den-svenska-avundsjukan","status":"publish","type":"post","link":"http:\/\/pernillaodlund.se\/?p=559","title":{"rendered":">Den svenska avundsjukan"},"content":{"rendered":"<p>><span style=\"font-family: &quot;Helvetica Neue&quot;, Arial, Helvetica, sans-serif;\">Japp s\u00e5 \u00e4r det &#8230; Sverige \u00e4r inte bara k\u00e4nt som landet lagom utan ocks\u00e5 f\u00f6r dess avundsjuka innv\u00e5nare.<\/span><\/p>\n<p><span style=\"font-family: &quot;Helvetica Neue&quot;, Arial, Helvetica, sans-serif;\">Jag tycker jag bjuder s\u00e5 mycket p\u00e5 mig sj\u00e4lv och det jag kan ev. hj\u00e4lpa andra med s\u00e5 jag inte ska beh\u00f6va bli utsatt f\u00f6r avundsjuka men s\u00e5 \u00e4r dock inte fallet.<\/span><\/p>\n<p><span style=\"font-family: &quot;Helvetica Neue&quot;, Arial, Helvetica, sans-serif;\">Man skulle ju kunna tro att efter det jag tvingades g\u00f6ra f\u00f6r n\u00e5gra m\u00e5nder sedan och dessutom bli lurad s\u00e5 till den milda grad kanske andra inte beh\u00f6var vara avundsjuka &#8211; men icke. <\/span><br \/><span style=\"font-family: &quot;Helvetica Neue&quot;, Arial, Helvetica, sans-serif;\">Jag byter g\u00e4rna med dig (du vet vem du \u00e4r) &#8211; vi kan byta &#8211; jag tar g\u00e4rna friska fina kn\u00e4n ist\u00e4llet. <\/span><\/p>\n<p><span style=\"font-family: &quot;Helvetica Neue&quot;, Arial, Helvetica, sans-serif;\">Gl\u00f6m inte &#8211; <\/span><br \/><span style=\"font-family: &quot;Helvetica Neue&quot;, Arial, Helvetica, sans-serif;\">JAG kommer aldrig mer kunna tr\u00e4na p\u00e5 det s\u00e4tt som jag mer \u00e4n mycket annat skulle vilja<\/span><br \/><span style=\"font-family: &quot;Helvetica Neue&quot;, Arial, Helvetica, sans-serif;\">JAG kommer bara kunna rida sporadiskt i skogen i oftast l\u00e4gre tempon<\/span><br \/><span style=\"font-family: &quot;Helvetica Neue&quot;, Arial, Helvetica, sans-serif;\">JAG kanske inte kommer kunna g\u00e5 ordentligt n\u00e4r jag blir \u00e4ldre<\/span><br \/><span style=\"font-family: &quot;Helvetica Neue&quot;, Arial, Helvetica, sans-serif;\">JAG kommer antagligen ha ont i mina kn\u00e4n varje dag&nbsp;n\u00e4r jag blir \u00e4ldre<\/span><br \/><span style=\"font-family: &quot;Helvetica Neue&quot;, Arial, Helvetica, sans-serif;\">JAG kan bara hoppas p\u00e5 att l\u00e4karv\u00e5rden kommer p\u00e5 n\u00e5got som g\u00f6r att dom kan laga mina kn\u00e4n<\/span><\/p>\n<p><span style=\"font-family: &quot;Helvetica Neue&quot;, Arial, Helvetica, sans-serif;\">Skulle inte jag vara v\u00e4rd denna nya individ? Jag tycker det, jag tycker jag \u00e4r v\u00e4rd att f\u00e5 gosa, mysa och ha det roliga jag klarar av. Jag \u00e4r v\u00e4ldigt, v\u00e4ldigt s\u00e4llan elak mot andra m\u00e4nniskor. <\/span><\/p>\n","protected":false},"excerpt":{"rendered":"<p>>Japp s\u00e5 \u00e4r det &#8230; Sverige \u00e4r inte bara k\u00e4nt som landet lagom utan ocks\u00e5 f\u00f6r dess avundsjuka innv\u00e5nare. Jag tycker jag bjuder s\u00e5 mycket p\u00e5 mig sj\u00e4lv och det jag kan ev. hj\u00e4lpa andra med s\u00e5 jag inte ska &hellip; <a href=\"http:\/\/pernillaodlund.se\/?p=559\">L\u00e4s mer <span class=\"meta-nav\">&rarr;<\/span><\/a><\/p>\n","protected":false},"author":1,"featured_media":0,"comment_status":"open","ping_status":"open","sticky":false,"template":"","format":"standard","meta":{"om_disable_all_campaigns":false,"_monsterinsights_skip_tracking":false,"_monsterinsights_sitenote_active":false,"_monsterinsights_sitenote_note":"","_monsterinsights_sitenote_category":0,"footnotes":""},"categories":[1],"tags":[],"class_list":["post-559","post","type-post","status-publish","format-standard","hentry","category-uncategorized"],"aioseo_notices":[],"_links":{"self":[{"href":"http:\/\/pernillaodlund.se\/index.php?rest_route=\/wp\/v2\/posts\/559","targetHints":{"allow":["GET"]}}],"collection":[{"href":"http:\/\/pernillaodlund.se\/index.php?rest_route=\/wp\/v2\/posts"}],"about":[{"href":"http:\/\/pernillaodlund.se\/index.php?rest_route=\/wp\/v2\/types\/post"}],"author":[{"embeddable":true,"href":"http:\/\/pernillaodlund.se\/index.php?rest_route=\/wp\/v2\/users\/1"}],"replies":[{"embeddable":true,"href":"http:\/\/pernillaodlund.se\/index.php?rest_route=%2Fwp%2Fv2%2Fcomments&post=559"}],"version-history":[{"count":0,"href":"http:\/\/pernillaodlund.se\/index.php?rest_route=\/wp\/v2\/posts\/559\/revisions"}],"wp:attachment":[{"href":"http:\/\/pernillaodlund.se\/index.php?rest_route=%2Fwp%2Fv2%2Fmedia&parent=559"}],"wp:term":[{"taxonomy":"category","embeddable":true,"href":"http:\/\/pernillaodlund.se\/index.php?rest_route=%2Fwp%2Fv2%2Fcategories&post=559"},{"taxonomy":"post_tag","embeddable":true,"href":"http:\/\/pernillaodlund.se\/index.php?rest_route=%2Fwp%2Fv2%2Ftags&post=559"}],"curies":[{"name":"wp","href":"https:\/\/api.w.org\/{rel}","templated":true}]}}