{"id":567,"date":"2010-10-06T13:24:00","date_gmt":"2010-10-06T12:24:00","guid":{"rendered":"http:\/\/pernillaodlund.se\/?p=567"},"modified":"2010-10-06T13:24:00","modified_gmt":"2010-10-06T12:24:00","slug":"dagarna","status":"publish","type":"post","link":"http:\/\/pernillaodlund.se\/?p=567","title":{"rendered":">Dagarna"},"content":{"rendered":"<p>><span style=\"font-family: &quot;Helvetica Neue&quot;, Arial, Helvetica, sans-serif;\">Hela denna vecka (f\u00f6rutom fredag) tar jag in h\u00e4starna och just d\u00e5 m\u00e5ste det ju s\u00e5klart vara den bl\u00e5sigaste veckan sedan jag vet inte n\u00e4r. Ig\u00e5r var det inte bara en eller tv\u00e5 som var helt tokiga vid intag &#8211; en dansade hela v\u00e4gen in i boxen &#8230; inte kul \ud83d\ude41&nbsp; Den lilla tjejen f\u00e5r g\u00e5 in lite tidigare idag &#8211; s\u00e5 hoppas jag att det ska hj\u00e4lpa lite. <\/span><br \/><span style=\"font-family: &quot;Helvetica Neue&quot;, Arial, Helvetica, sans-serif;\">I m\u00e5ndags efter intag red jag en liten stund p\u00e5 volten &#8211; INTE bra f\u00f6r kn\u00e4t. Det r\u00e4ckte med ca 20 minuter p\u00e5 banan s\u00e5 fick jag ont och har haft ont \u00e4nda sedan dess. I skogen kan jag rida l\u00e4\u00e4\u00e4nge men tydligen inte p\u00e5 banan alls. N\u00e4sta g\u00e5ng jag inte hinner ut i skogen innan det blir m\u00f6rkt ska jag t\u00f6mk\u00f6ra eller k\u00f6ra n\u00e5got annat fr\u00e5n marken ist\u00e4llet.<\/span><\/p>\n<p><span style=\"font-family: &quot;Helvetica Neue&quot;, Arial, Helvetica, sans-serif;\">Ig\u00e5r red E hopplektion f\u00f6r Ida. Hon valde att rida Kakan. Han \u00e4r som en liten ulltuss &#8211; han har s\u00e5 mycket p\u00e4ls s\u00e5 det \u00e4r inte klokt. Han var dock j\u00e4tteduktig ig\u00e5r och s\u00e5g ut som han gillade \u00f6vningarna. Dom \u00f6vade omhoppningssv\u00e4ngar och det gick str\u00e5lande bra (som vanligt hihi). Kakan \u00e4r verkligen en okomplicerad liten varelse.<\/span><\/p>\n<p><span style=\"font-family: Arial;\">Idag ska E rida dressyrlektion f\u00f6r Annelie. Den 17 oktober ska hon starta LC:1 p\u00e5 Botkyrka s\u00e5 det \u00e4r p\u00e5 tiden hon b\u00f6rjar fila lite p\u00e5 programmet.<\/span><\/p>\n<p><span style=\"font-family: Arial;\">I morgon torsdag \u00e4r det som vanligt dags f\u00f6r Jenny-tr\u00e4ning. <\/span><\/p>\n<p><span style=\"font-family: Arial;\">P\u00e5 l\u00f6rdag \u00e5ker vi till Sollentuna &#8211; d\u00e4r startar E och Nido sin f\u00f6rsta LB. <\/span><\/p>\n<p><span style=\"font-family: Arial;\">P\u00e5 s\u00f6ndag kommer en tr\u00e4nare till stallet och ska ha lektioner hela dagen &#8211; t\u00f6mk\u00f6rning eller dressyr. E rider Nido f\u00f6r henne och jag ska t\u00f6mk\u00f6ra Kakan.<\/span><br \/><span style=\"font-family: Arial;\">Och p\u00e5&nbsp;s\u00f6ndag eftermiddag&nbsp;tar vi med oss Cuba till Runstens terr\u00e4ngbana. E ska ta f\u00e4ltt\u00e4vlanskortet. Det \u00e4r en kurs f\u00f6r Helena Johnsson. <\/span><br \/><span style=\"font-family: Arial;\">Sp\u00e4ckat schema kan man kalla det. <\/span><\/p>\n<p><span style=\"font-family: Arial;\">Det \u00e4r bara 3 t\u00e4vlingar kvar f\u00f6r s\u00e4songen plus en tr\u00e4ningst\u00e4vling:<\/span><br \/><span style=\"font-family: Arial;\">* LB p\u00e5 Sollentuna 9\/10<\/span><br \/><span style=\"font-family: Arial;\">* LC:1 p\u00e5 Botkyrka 17\/10<\/span><br \/><span style=\"font-family: Arial;\">* Tr\u00e4ningst\u00e4vling Runsten 20\/10 (om LB\u00b4n p\u00e5 Sollentuna g\u00e5r bra provar hon nog 1m h\u00e4r)<\/span><br \/><span style=\"font-family: Arial;\">* LB p\u00e5 Botkyrka 6\/11<\/span> <\/p>\n<p><span style=\"font-family: Arial;\">Sen ska Nido f\u00e5 lite vintervila &#8211; g\u00e5&nbsp;max 2-3&nbsp;pass i veckan i \u00e5tminstone 4 veckor.<\/span><br \/><span style=\"font-family: Arial;\">D\u00e5 kan E passa p\u00e5 att rida massa dressyr&nbsp;p\u00e5 Kakan.<\/span><\/p>\n","protected":false},"excerpt":{"rendered":"<p>>Hela denna vecka (f\u00f6rutom fredag) tar jag in h\u00e4starna och just d\u00e5 m\u00e5ste det ju s\u00e5klart vara den bl\u00e5sigaste veckan sedan jag vet inte n\u00e4r. Ig\u00e5r var det inte bara en eller tv\u00e5 som var helt tokiga vid intag &#8211; &hellip; <a href=\"http:\/\/pernillaodlund.se\/?p=567\">L\u00e4s mer <span class=\"meta-nav\">&rarr;<\/span><\/a><\/p>\n","protected":false},"author":1,"featured_media":0,"comment_status":"open","ping_status":"open","sticky":false,"template":"","format":"standard","meta":{"om_disable_all_campaigns":false,"_monsterinsights_skip_tracking":false,"_monsterinsights_sitenote_active":false,"_monsterinsights_sitenote_note":"","_monsterinsights_sitenote_category":0,"footnotes":""},"categories":[1],"tags":[],"class_list":["post-567","post","type-post","status-publish","format-standard","hentry","category-uncategorized"],"aioseo_notices":[],"_links":{"self":[{"href":"http:\/\/pernillaodlund.se\/index.php?rest_route=\/wp\/v2\/posts\/567","targetHints":{"allow":["GET"]}}],"collection":[{"href":"http:\/\/pernillaodlund.se\/index.php?rest_route=\/wp\/v2\/posts"}],"about":[{"href":"http:\/\/pernillaodlund.se\/index.php?rest_route=\/wp\/v2\/types\/post"}],"author":[{"embeddable":true,"href":"http:\/\/pernillaodlund.se\/index.php?rest_route=\/wp\/v2\/users\/1"}],"replies":[{"embeddable":true,"href":"http:\/\/pernillaodlund.se\/index.php?rest_route=%2Fwp%2Fv2%2Fcomments&post=567"}],"version-history":[{"count":0,"href":"http:\/\/pernillaodlund.se\/index.php?rest_route=\/wp\/v2\/posts\/567\/revisions"}],"wp:attachment":[{"href":"http:\/\/pernillaodlund.se\/index.php?rest_route=%2Fwp%2Fv2%2Fmedia&parent=567"}],"wp:term":[{"taxonomy":"category","embeddable":true,"href":"http:\/\/pernillaodlund.se\/index.php?rest_route=%2Fwp%2Fv2%2Fcategories&post=567"},{"taxonomy":"post_tag","embeddable":true,"href":"http:\/\/pernillaodlund.se\/index.php?rest_route=%2Fwp%2Fv2%2Ftags&post=567"}],"curies":[{"name":"wp","href":"https:\/\/api.w.org\/{rel}","templated":true}]}}