{"id":571,"date":"2010-10-10T19:58:00","date_gmt":"2010-10-10T18:58:00","guid":{"rendered":"http:\/\/pernillaodlund.se\/?p=571"},"modified":"2010-10-10T19:58:00","modified_gmt":"2010-10-10T18:58:00","slug":"det-gar-upp-och-det-gar-ner","status":"publish","type":"post","link":"http:\/\/pernillaodlund.se\/?p=571","title":{"rendered":">Det g\u00e5r upp och det g\u00e5r ner"},"content":{"rendered":"<p>><span style=\"font-family: &quot;Helvetica Neue&quot;, Arial, Helvetica, sans-serif;\">Debuten p\u00e5 LB i Sollentuna ig\u00e5r kan man sammanfatta med: platt fall<\/span><br \/><span style=\"font-family: &quot;Helvetica Neue&quot;, Arial, Helvetica, sans-serif;\">E och Nido v\u00e4grade ut sig! Det var iof m\u00e5nga som v\u00e4grade ut sig, ramlade av, rev m.m men det vore ju trist att skylla p\u00e5 det. Vi hade med oss en till tjej fr\u00e5n stallet och hennes ponny &#8211; det gick inte s\u00e5 bra f\u00f6r dem heller. Dom fick 2 v\u00e4gran och 4 tidsfel men red i alla fall klart banan.<\/span><br \/><span style=\"font-family: &quot;Helvetica Neue&quot;, Arial, Helvetica, sans-serif;\">Ja ja det \u00e4r bara att ta sig i kragen och ta nya tag &#8211; det kan inte g\u00e5 bra j\u00e4mt. D\u00e5 tror jag vare sig barn eller ponny skulle l\u00e4ra sig n\u00e5got. Liite drygt bara n\u00e4r det \u00e4r s\u00e5 l\u00e5ngt bort.<\/span><\/p>\n<p><span style=\"font-family: &quot;Helvetica Neue&quot;, Arial, Helvetica, sans-serif;\">Desto roligare har vi haft idag. Idag p\u00e5 f\u00f6rmiddagen hade jag en lektion. Jag t\u00f6mk\u00f6rde Kakan f\u00f6r Moa och det var enormt roligt.&nbsp;Jag fick&nbsp;ordning p\u00e5 ett problem jag har haft n\u00e4r jag t\u00f6mk\u00f6r honom. Jag f\u00e5r honom inte att vare sig flytta i h\u00f6ger varv eller ibland inte ens ha honom kvar p\u00e5 sp\u00e5ret (han tippar liksom in\u00e5t). Nu vet jag exakt hur jag ska g\u00f6ra. <\/span><\/p>\n<p><span style=\"font-family: &quot;Helvetica Neue&quot;, Arial, Helvetica, sans-serif;\">P\u00e5 eftermiddagen \u00e5kte vi med Cuba till Runstens terr\u00e4ng bana. Det var en kurs i f\u00e4ltt\u00e4vlan och E fick sitt efterl\u00e4ngtade f\u00e4ltt\u00e4vlanskort. Cuba sk\u00f6tte sig exemplariskt &#8211; hon \u00e4r som en klocka ute i terr\u00e4ngen. <\/span><\/p>\n<p><span style=\"font-family: &quot;Helvetica Neue&quot;, Arial, Helvetica, sans-serif;\">H\u00e4r kommer en liten film fr\u00e5n dagens begivenheter p\u00e5 Runsten:<\/span><br \/><object height=\"344\" width=\"425\"><param name=\"movie\" value=\"http:\/\/www.youtube.com\/v\/pppNsxflJZY?hl=sv&#038;fs=1\"><\/param><param name=\"allowFullScreen\" value=\"true\"><\/param><param name=\"allowscriptaccess\" value=\"always\"><\/param><embed src=\"http:\/\/www.youtube.com\/v\/pppNsxflJZY?hl=sv&#038;fs=1\" type=\"application\/x-shockwave-flash\" allowscriptaccess=\"always\" allowfullscreen=\"true\" width=\"425\" height=\"344\"><\/embed><\/object><\/p>\n","protected":false},"excerpt":{"rendered":"<p>>Debuten p\u00e5 LB i Sollentuna ig\u00e5r kan man sammanfatta med: platt fallE och Nido v\u00e4grade ut sig! Det var iof m\u00e5nga som v\u00e4grade ut sig, ramlade av, rev m.m men det vore ju trist att skylla p\u00e5 det. Vi hade &hellip; <a href=\"http:\/\/pernillaodlund.se\/?p=571\">L\u00e4s mer <span class=\"meta-nav\">&rarr;<\/span><\/a><\/p>\n","protected":false},"author":1,"featured_media":0,"comment_status":"open","ping_status":"open","sticky":false,"template":"","format":"standard","meta":{"om_disable_all_campaigns":false,"_monsterinsights_skip_tracking":false,"_monsterinsights_sitenote_active":false,"_monsterinsights_sitenote_note":"","_monsterinsights_sitenote_category":0,"footnotes":""},"categories":[1],"tags":[],"class_list":["post-571","post","type-post","status-publish","format-standard","hentry","category-uncategorized"],"aioseo_notices":[],"_links":{"self":[{"href":"http:\/\/pernillaodlund.se\/index.php?rest_route=\/wp\/v2\/posts\/571","targetHints":{"allow":["GET"]}}],"collection":[{"href":"http:\/\/pernillaodlund.se\/index.php?rest_route=\/wp\/v2\/posts"}],"about":[{"href":"http:\/\/pernillaodlund.se\/index.php?rest_route=\/wp\/v2\/types\/post"}],"author":[{"embeddable":true,"href":"http:\/\/pernillaodlund.se\/index.php?rest_route=\/wp\/v2\/users\/1"}],"replies":[{"embeddable":true,"href":"http:\/\/pernillaodlund.se\/index.php?rest_route=%2Fwp%2Fv2%2Fcomments&post=571"}],"version-history":[{"count":0,"href":"http:\/\/pernillaodlund.se\/index.php?rest_route=\/wp\/v2\/posts\/571\/revisions"}],"wp:attachment":[{"href":"http:\/\/pernillaodlund.se\/index.php?rest_route=%2Fwp%2Fv2%2Fmedia&parent=571"}],"wp:term":[{"taxonomy":"category","embeddable":true,"href":"http:\/\/pernillaodlund.se\/index.php?rest_route=%2Fwp%2Fv2%2Fcategories&post=571"},{"taxonomy":"post_tag","embeddable":true,"href":"http:\/\/pernillaodlund.se\/index.php?rest_route=%2Fwp%2Fv2%2Ftags&post=571"}],"curies":[{"name":"wp","href":"https:\/\/api.w.org\/{rel}","templated":true}]}}