{"id":578,"date":"2010-10-18T20:37:00","date_gmt":"2010-10-18T19:37:00","guid":{"rendered":"http:\/\/pernillaodlund.se\/?p=578"},"modified":"2010-10-18T20:37:00","modified_gmt":"2010-10-18T19:37:00","slug":"var-lordag","status":"publish","type":"post","link":"http:\/\/pernillaodlund.se\/?p=578","title":{"rendered":">V\u00e5r l\u00f6rdag"},"content":{"rendered":"<p>><span style=\"font-family: &quot;Helvetica Neue&quot;, Arial, Helvetica, sans-serif;\">Den bedr\u00f6vliga dagen: Vi \u00e5kte till S\u00f6dert\u00f6rns Ryttarcenter f\u00f6r att tr\u00e4ningst\u00e4vla och oj vad d\u00e5ligt det gick. Egentligen vill jag inte ens ber\u00e4tta om det men men om inte annat s\u00e5 f\u00f6r att minnas i efterhand. <\/span><\/p>\n<p><span style=\"font-family: &quot;Helvetica Neue&quot;, Arial, Helvetica, sans-serif;\">E skulle starta Nido i 80 och 90cm men eftersom det gick s\u00e5 d\u00e5ligt i 80cm s\u00e5 gick jag upp till sekreteriatet och bad att hon skulle f\u00e5 starta en g\u00e5ng till p\u00e5 80cm ist\u00e4llet. F\u00f6rsta omg\u00e5ngen stannade han &#8230; m\u00e5nga g\u00e5nger och jag tror han rev en bom ocks\u00e5. Han studsade runt, reste sig och hade sig rent bedr\u00f6vligt. Andra g\u00e5ngen gick det b\u00e4ttre men hon fick \u00e4nd\u00e5 tv\u00e5 stop &#8211; p\u00e5 titthinder. Banan var j\u00e4tteknepig och underlaget var kladdigt och halt &#8211; men vi ska absolut inte skylla p\u00e5 det. <\/span><\/p>\n<p><span style=\"font-family: &quot;Helvetica Neue&quot;, Arial, Helvetica, sans-serif;\">Sen var det meningen att E skulle starta 90cm med Cuba, det har hon gjort f\u00f6rrut och d\u00e5 har dom bara petat en bom. Men redan p\u00e5 framhoppningen s\u00e5g man att Cuba hade tappat all f\u00f6rtroende f\u00f6r E &#8211; hon gjorde i stort sett BARA propeller-hopp &#8211; INTE ok! Inne p\u00e5 banan hoppade hon men alla hopp var bedr\u00f6vliga &#8211; s\u00e5 efter ett stop ropade jag till E att hon skulle bryta. <\/span><\/p>\n<p><span style=\"font-family: Arial;\">Att Nido betedde sig tror jag \u00e4r mest ungponny-beteenden och&nbsp; n\u00e5gon typ av &#8221;period&#8221; han har kommit in i &#8230; det g\u00e5r \u00f6ver och \u00e4r inte hela v\u00e4rlden plus att andra rundan \u00e4nd\u00e5 var okej. Men med Cuba d\u00e4remot s\u00e5 har hon nog tappat f\u00f6rtroendet vad g\u00e4ller hoppning (hon har blivit rykt i munnen hos en tidigare \u00e4gare och \u00e4r v\u00e4\u00e4ldigt k\u00e4nslig vid hoppning). D\u00e4r f\u00e5r vi b\u00f6rja om lite och egentligen \u00e4r ju inte det heller hela v\u00e4rlden eftersom det \u00e4r min ponny och n\u00e4r jag hoppar &#8211; hoppar jag ju med l\u00e5ngt tygel, h\u00e5llandes i manen och st\u00e5endes upp redan hundra meter innan hindret, s\u00e5 rycka henne i munnen l\u00e4r jag ju inte g\u00f6ra. Men jag hade ju g\u00e4rna sett att E t\u00e4vlar ocks\u00e5 henne s\u00e5 hon f\u00e5r g\u00f6ra s\u00e5dana saker ocks\u00e5. Vi b\u00f6rjar om och ser till att det blir b\u00e4ttre helt enkelt.<\/span><\/p>\n<p><span style=\"font-family: Arial;\">Det var dock en tung och tr\u00e5kig dag &#8211; sk\u00f6nt att s\u00f6ndagen blev desto b\u00e4ttre \ud83d\ude42<\/span><\/p>\n","protected":false},"excerpt":{"rendered":"<p>>Den bedr\u00f6vliga dagen: Vi \u00e5kte till S\u00f6dert\u00f6rns Ryttarcenter f\u00f6r att tr\u00e4ningst\u00e4vla och oj vad d\u00e5ligt det gick. Egentligen vill jag inte ens ber\u00e4tta om det men men om inte annat s\u00e5 f\u00f6r att minnas i efterhand. E skulle starta Nido &hellip; <a href=\"http:\/\/pernillaodlund.se\/?p=578\">L\u00e4s mer <span class=\"meta-nav\">&rarr;<\/span><\/a><\/p>\n","protected":false},"author":1,"featured_media":0,"comment_status":"open","ping_status":"open","sticky":false,"template":"","format":"standard","meta":{"om_disable_all_campaigns":false,"_monsterinsights_skip_tracking":false,"_monsterinsights_sitenote_active":false,"_monsterinsights_sitenote_note":"","_monsterinsights_sitenote_category":0,"footnotes":""},"categories":[1],"tags":[],"class_list":["post-578","post","type-post","status-publish","format-standard","hentry","category-uncategorized"],"aioseo_notices":[],"_links":{"self":[{"href":"http:\/\/pernillaodlund.se\/index.php?rest_route=\/wp\/v2\/posts\/578","targetHints":{"allow":["GET"]}}],"collection":[{"href":"http:\/\/pernillaodlund.se\/index.php?rest_route=\/wp\/v2\/posts"}],"about":[{"href":"http:\/\/pernillaodlund.se\/index.php?rest_route=\/wp\/v2\/types\/post"}],"author":[{"embeddable":true,"href":"http:\/\/pernillaodlund.se\/index.php?rest_route=\/wp\/v2\/users\/1"}],"replies":[{"embeddable":true,"href":"http:\/\/pernillaodlund.se\/index.php?rest_route=%2Fwp%2Fv2%2Fcomments&post=578"}],"version-history":[{"count":0,"href":"http:\/\/pernillaodlund.se\/index.php?rest_route=\/wp\/v2\/posts\/578\/revisions"}],"wp:attachment":[{"href":"http:\/\/pernillaodlund.se\/index.php?rest_route=%2Fwp%2Fv2%2Fmedia&parent=578"}],"wp:term":[{"taxonomy":"category","embeddable":true,"href":"http:\/\/pernillaodlund.se\/index.php?rest_route=%2Fwp%2Fv2%2Fcategories&post=578"},{"taxonomy":"post_tag","embeddable":true,"href":"http:\/\/pernillaodlund.se\/index.php?rest_route=%2Fwp%2Fv2%2Ftags&post=578"}],"curies":[{"name":"wp","href":"https:\/\/api.w.org\/{rel}","templated":true}]}}