{"id":582,"date":"2010-10-29T08:15:00","date_gmt":"2010-10-29T07:15:00","guid":{"rendered":"http:\/\/pernillaodlund.se\/?p=582"},"modified":"2010-10-29T08:15:00","modified_gmt":"2010-10-29T07:15:00","slug":"langa-dagar","status":"publish","type":"post","link":"http:\/\/pernillaodlund.se\/?p=582","title":{"rendered":">L\u00e5nga dagar"},"content":{"rendered":"<p>><span style=\"font-family: &quot;Helvetica Neue&quot;, Arial, Helvetica, sans-serif;\">Som jag redan ber\u00e4ttat har jag varit sjuk. Att ligga i s\u00e4ngen\/soffan i fyra dagar och inte orka g\u00f6ra n\u00e5gonting \u00e4r inget jag tycker \u00e4r s\u00e5 skojigt. Bedr\u00f6vligt trist, faktiskt.<\/span><\/p>\n<p><span style=\"font-family: &quot;Helvetica Neue&quot;, Arial, Helvetica, sans-serif;\">Men nu \u00e4r jag frisk igen och tack vare en fantastisk dotter och en lika fantastisk v\u00e4n s\u00e5 har h\u00e4starna inte lidit n\u00e5gon n\u00f6d utan f\u00e5tt allt som dom beh\u00f6ver &#8211; b\u00e5de i omv\u00e5rdnad och i motion. TACK f\u00f6r det \ud83d\ude42 &lt;3<\/span><\/p>\n<p><span style=\"font-family: &quot;Helvetica Neue&quot;, Arial, Helvetica, sans-serif;\">I onsdags jobbade jag igen, efter min ofrivilliga ledighet och det blev en l\u00e5\u00e5\u00e5ng dag. Det kom h\u00f6 p\u00e5 morgonen (varf\u00f6r kommer det ALLTID h\u00f6 n\u00e4r jag jobbar?). Eftersom det fixas med dr\u00e4neringen runt stallet s\u00e5 kunde vi inte ta emot h\u00f6t p\u00e5 &#8221;r\u00e4tt&#8221; st\u00e4lle utan fick ta det genom ytterd\u00f6rren. Och f\u00f6r att slippa sl\u00e4pa s\u00e5 l\u00e5ngt anv\u00e4ndes en tom box till tillf\u00e4llig f\u00f6rvaring. Det var ungef\u00e4r 1,2 ton som levererades och n\u00e4stan allt fick plats i den tomma boxen.<\/span><br \/><span style=\"font-family: &quot;Helvetica Neue&quot;, Arial, Helvetica, sans-serif;\">Efter h\u00f6-lassningen var man ju lagom m\u00f6r i kroppen s\u00e5 vi v\u00e4ntade med att rida tills efter lunch ist\u00e4llet. Vi red p\u00e5 stora volten, B skulle \u00f6va dressyrprogram och jag hade ju inte ridit p\u00e5 n\u00e4stan en vecka s\u00e5 jag red mest runt och hade typ inget vettigt f\u00f6r mig. Men Cuba lyckades l\u00e4gga tungan \u00f6ver bettet och krullade ihop sig n\u00e5got enormt. Hon verkar verkligen INTE gilla att ha bett i munnen. Det M\u00c5STE vara n\u00e5got med t\u00e4nderna. Jag m\u00e5ste fixa en tid till en tandl\u00e4kare p\u00e5 bumsen. Tillsvidare har jag best\u00e4mt att hon bara ska ridas bettl\u00f6st, vilket faktiskt fungerar j\u00e4ttebra \ud83d\ude42<\/span><br \/><span style=\"font-family: &quot;Helvetica Neue&quot;, Arial, Helvetica, sans-serif;\">Vartefter dagen led s\u00e5 b\u00f6rjade det bl\u00e5sa mer och mer och tillslut k\u00e4ndes det som man skulle flyga iv\u00e4g n\u00e4r man gick utanf\u00f6r d\u00f6rren. Inte kul &#8211; jag gillar verkligen inte bl\u00e5st \ud83d\ude41<\/span><\/p>\n<p><span style=\"font-family: &quot;Helvetica Neue&quot;, Arial, Helvetica, sans-serif;\">P\u00e5 kv\u00e4llen hade E f\u00e5tt m\u00f6jlighet att \u00e5ka till sin gamla ridskola och vara med p\u00e5 en lektion tillsammans med n\u00e5gra av dom hon red med p\u00e5 &#8221;den gamla goda tiden&#8221;. S\u00e5 vi packade in v\u00e5r lilla ponny i transporten och \u00e5kte iv\u00e4g i stormen. Det gick j\u00e4ttebra och Emma hade roligt. S\u00e5 nu \u00e5ker vi nog dit fler g\u00e5nger \ud83d\ude42<\/span><\/p>\n<p><span style=\"font-family: &quot;Helvetica Neue&quot;, Arial, Helvetica, sans-serif;\">Ig\u00e5r, torsdag kom kom en tjej ut till stallet, som skulle provrida Cuba f\u00f6r att ev vara medryttare. Det \u00e4r en kompis till E. Dom har exakt samma rid-bakgrund. Dom b\u00f6rjade samtidigt och har ridit f\u00f6r samma instrukt\u00f6r de f\u00f6rsta fem \u00e5ren. Det m\u00e4rks f\u00f6r dom har precis likadan ridstil. Cuba gillade M och jag hoppas verkligen hon best\u00e4mmer sig f\u00f6r att hon vill hj\u00e4lpa mig med Cuba. Det gick j\u00e4ttebra f\u00f6r dom och hon fick prova lite av allt &#8211; dom b\u00f6rjade att ta en liten tur i skogen i alla g\u00e5ngarter. Sedan red dom lite &#8221;dressyr&#8221; p\u00e5 banan och sist st\u00e4lldet jag fram lite hinder. Det gick str\u00e5lande \ud83d\ude42<\/span><\/p>\n<p><span style=\"font-family: &quot;Helvetica Neue&quot;, Arial, Helvetica, sans-serif;\">Idag kommer mina p\u00e4ron fr\u00e5n Nyk\u00f6ping upp en stund mitt p\u00e5 dagen och sen ska jag och E till sk\u00e4ris och handla lite kl\u00e4der, skor och en v\u00e4ska. Sen blir det stallet p\u00e5 kv\u00e4lls-kvisten.<\/span><\/p>\n<p><span style=\"font-family: &quot;Helvetica Neue&quot;, Arial, Helvetica, sans-serif;\">I morgon \u00e4r det t\u00e4vlingsdag HELA dagen fast vi ska inte t\u00e4vla sj\u00e4lva utan vi ska bara med och hejja fram v\u00e5rt lag. Det lag som E var med i, i&nbsp;b\u00f6rjan av s\u00e4songen, allsvenskan div II. Dom \u00e4r nu i final och ligger 3a eller om det var 4a. S\u00e5 det blir sp\u00e4nnande. Dessutom har laget f\u00e5tt ett duktigt tillskott i form av dottern till den tjej vi k\u00f6pte v\u00e5ra ponnysar av. T\u00e4vlingen \u00e4r j\u00e4ttel\u00e5ngt bort, tyv\u00e4rr s\u00e5 det l\u00e4r ju bli en enormt l\u00e5ngt dag. Men det ska \u00e4nd\u00e5 bli j\u00e4tteroligt.<\/span><\/p>\n<p><span style=\"font-family: &quot;Helvetica Neue&quot;, Arial, Helvetica, sans-serif;\">Nu \u00e4r v\u00e4rldens l\u00e4ngsta inl\u00e4gg slut f\u00f6r den h\u00e4r g\u00e5ngen &#8230; \ud83d\ude09<\/span><\/p>\n","protected":false},"excerpt":{"rendered":"<p>>Som jag redan ber\u00e4ttat har jag varit sjuk. Att ligga i s\u00e4ngen\/soffan i fyra dagar och inte orka g\u00f6ra n\u00e5gonting \u00e4r inget jag tycker \u00e4r s\u00e5 skojigt. Bedr\u00f6vligt trist, faktiskt. Men nu \u00e4r jag frisk igen och tack vare en &hellip; <a href=\"http:\/\/pernillaodlund.se\/?p=582\">L\u00e4s mer <span class=\"meta-nav\">&rarr;<\/span><\/a><\/p>\n","protected":false},"author":1,"featured_media":0,"comment_status":"open","ping_status":"open","sticky":false,"template":"","format":"standard","meta":{"om_disable_all_campaigns":false,"_monsterinsights_skip_tracking":false,"_monsterinsights_sitenote_active":false,"_monsterinsights_sitenote_note":"","_monsterinsights_sitenote_category":0,"footnotes":""},"categories":[1],"tags":[],"class_list":["post-582","post","type-post","status-publish","format-standard","hentry","category-uncategorized"],"aioseo_notices":[],"_links":{"self":[{"href":"http:\/\/pernillaodlund.se\/index.php?rest_route=\/wp\/v2\/posts\/582","targetHints":{"allow":["GET"]}}],"collection":[{"href":"http:\/\/pernillaodlund.se\/index.php?rest_route=\/wp\/v2\/posts"}],"about":[{"href":"http:\/\/pernillaodlund.se\/index.php?rest_route=\/wp\/v2\/types\/post"}],"author":[{"embeddable":true,"href":"http:\/\/pernillaodlund.se\/index.php?rest_route=\/wp\/v2\/users\/1"}],"replies":[{"embeddable":true,"href":"http:\/\/pernillaodlund.se\/index.php?rest_route=%2Fwp%2Fv2%2Fcomments&post=582"}],"version-history":[{"count":0,"href":"http:\/\/pernillaodlund.se\/index.php?rest_route=\/wp\/v2\/posts\/582\/revisions"}],"wp:attachment":[{"href":"http:\/\/pernillaodlund.se\/index.php?rest_route=%2Fwp%2Fv2%2Fmedia&parent=582"}],"wp:term":[{"taxonomy":"category","embeddable":true,"href":"http:\/\/pernillaodlund.se\/index.php?rest_route=%2Fwp%2Fv2%2Fcategories&post=582"},{"taxonomy":"post_tag","embeddable":true,"href":"http:\/\/pernillaodlund.se\/index.php?rest_route=%2Fwp%2Fv2%2Ftags&post=582"}],"curies":[{"name":"wp","href":"https:\/\/api.w.org\/{rel}","templated":true}]}}