{"id":586,"date":"2010-11-04T13:36:00","date_gmt":"2010-11-04T12:36:00","guid":{"rendered":"http:\/\/pernillaodlund.se\/?p=586"},"modified":"2010-11-04T13:36:00","modified_gmt":"2010-11-04T12:36:00","slug":"poangtera","status":"publish","type":"post","link":"http:\/\/pernillaodlund.se\/?p=586","title":{"rendered":">Po\u00e4ngtera"},"content":{"rendered":"<p>><span style=\"font-family: &quot;Helvetica Neue&quot;, Arial, Helvetica, sans-serif;\">Jag vill po\u00e4ngtera att jag inte menade n\u00e5got illa i mitt f\u00f6rra inl\u00e4gg om foderv\u00e4rdar. Jag skrev bara att de som jag har pratat med som haft sina ponnyer\/h\u00e4star ute p\u00e5 foder inte varit n\u00f6jda. Jag skrev inte och menade inte att ALLA som l\u00e5nar en h\u00e4st p\u00e5 foder tar d\u00e5ligt hand om den. Absolut inte. D\u00e5 skulle jag aldrig i livet ha l\u00e5nat ut honom. Jag har ju sj\u00e4lv haft en ponny p\u00e5 foder och s\u00e5 \u00e4lskad och pedantsk\u00f6tt som han var under v\u00e5r tid &#8230;<\/span><\/p>\n<p><span style=\"font-family: &quot;Helvetica Neue&quot;, Arial, Helvetica, sans-serif;\">Vi \u00e4r i alla fall fortfarande ledsna. Varje g\u00e5ng jag g\u00e5r in i stallet k\u00e4nns det tomt, han stod ju precis innanf\u00f6r d\u00f6rren och h\u00e4lsade en ofta&nbsp;v\u00e4lkommen. Det finaste hj\u00e4rtat i &#8221;flocken&#8221; \u00e4r inte hemma&nbsp;och det k\u00e4nns.<\/span><br \/><span style=\"font-family: Arial;\">Jag saknar honom mycket, mycket mer \u00e4n vad jag saknade Zorino n\u00e4r han \u00e5kte &#8230; konstigt nog, det trodde jag inte.<\/span><\/p>\n<div class=\"separator\" style=\"clear: both; text-align: center;\"><a href=\"http:\/\/1.bp.blogspot.com\/_1lpcQBoi3rU\/TCEUHF31DyI\/AAAAAAAABkg\/yDfKobFpgyo\/s1600\/DSC_7809_xx.jpg\" imageanchor=\"1\" style=\"margin-left: 1em; margin-right: 1em;\"><img loading=\"lazy\" decoding=\"async\" border=\"0\" height=\"400\" px=\"true\" src=\"http:\/\/1.bp.blogspot.com\/_1lpcQBoi3rU\/TCEUHF31DyI\/AAAAAAAABkg\/yDfKobFpgyo\/s400\/DSC_7809_xx.jpg\" width=\"388\" \/><\/a><\/div>\n","protected":false},"excerpt":{"rendered":"<p>>Jag vill po\u00e4ngtera att jag inte menade n\u00e5got illa i mitt f\u00f6rra inl\u00e4gg om foderv\u00e4rdar. Jag skrev bara att de som jag har pratat med som haft sina ponnyer\/h\u00e4star ute p\u00e5 foder inte varit n\u00f6jda. Jag skrev inte och menade &hellip; <a href=\"http:\/\/pernillaodlund.se\/?p=586\">L\u00e4s mer <span class=\"meta-nav\">&rarr;<\/span><\/a><\/p>\n","protected":false},"author":1,"featured_media":0,"comment_status":"open","ping_status":"open","sticky":false,"template":"","format":"standard","meta":{"om_disable_all_campaigns":false,"_monsterinsights_skip_tracking":false,"_monsterinsights_sitenote_active":false,"_monsterinsights_sitenote_note":"","_monsterinsights_sitenote_category":0,"footnotes":""},"categories":[1],"tags":[],"class_list":["post-586","post","type-post","status-publish","format-standard","hentry","category-uncategorized"],"aioseo_notices":[],"_links":{"self":[{"href":"http:\/\/pernillaodlund.se\/index.php?rest_route=\/wp\/v2\/posts\/586","targetHints":{"allow":["GET"]}}],"collection":[{"href":"http:\/\/pernillaodlund.se\/index.php?rest_route=\/wp\/v2\/posts"}],"about":[{"href":"http:\/\/pernillaodlund.se\/index.php?rest_route=\/wp\/v2\/types\/post"}],"author":[{"embeddable":true,"href":"http:\/\/pernillaodlund.se\/index.php?rest_route=\/wp\/v2\/users\/1"}],"replies":[{"embeddable":true,"href":"http:\/\/pernillaodlund.se\/index.php?rest_route=%2Fwp%2Fv2%2Fcomments&post=586"}],"version-history":[{"count":0,"href":"http:\/\/pernillaodlund.se\/index.php?rest_route=\/wp\/v2\/posts\/586\/revisions"}],"wp:attachment":[{"href":"http:\/\/pernillaodlund.se\/index.php?rest_route=%2Fwp%2Fv2%2Fmedia&parent=586"}],"wp:term":[{"taxonomy":"category","embeddable":true,"href":"http:\/\/pernillaodlund.se\/index.php?rest_route=%2Fwp%2Fv2%2Fcategories&post=586"},{"taxonomy":"post_tag","embeddable":true,"href":"http:\/\/pernillaodlund.se\/index.php?rest_route=%2Fwp%2Fv2%2Ftags&post=586"}],"curies":[{"name":"wp","href":"https:\/\/api.w.org\/{rel}","templated":true}]}}