{"id":591,"date":"2010-11-11T22:25:00","date_gmt":"2010-11-11T21:25:00","guid":{"rendered":"http:\/\/pernillaodlund.se\/?p=591"},"modified":"2010-11-11T22:25:00","modified_gmt":"2010-11-11T21:25:00","slug":"nastkommande-30-dagar-pa-bloggen","status":"publish","type":"post","link":"http:\/\/pernillaodlund.se\/?p=591","title":{"rendered":">N\u00e4stkommande 30 dagar p\u00e5 bloggen"},"content":{"rendered":"<p>><span style=\"font-family: &quot;Helvetica Neue&quot;, Arial, Helvetica, sans-serif;\">Dag 01 \u2013 Om mig<\/span><br \/><span style=\"font-family: &quot;Helvetica Neue&quot;, Arial, Helvetica, sans-serif;\">Dag 02 \u2013 Min f\u00f6rsta k\u00e4rlek<\/span><br \/><span style=\"font-family: &quot;Helvetica Neue&quot;, Arial, Helvetica, sans-serif;\">Dag 03 \u2013 Mina f\u00f6r\u00e4ldrar<\/span><br \/><span style=\"font-family: &quot;Helvetica Neue&quot;, Arial, Helvetica, sans-serif;\">Dag 04 \u2013 Det h\u00e4r \u00e5t jag i dag<\/span><br \/><span style=\"font-family: &quot;Helvetica Neue&quot;, Arial, Helvetica, sans-serif;\">Dag 05 \u2013 Vad \u00e4r k\u00e4rlek?<\/span><br \/><span style=\"font-family: &quot;Helvetica Neue&quot;, Arial, Helvetica, sans-serif;\">Dag 06 \u2013 Min dag<\/span><br \/><span style=\"font-family: &quot;Helvetica Neue&quot;, Arial, Helvetica, sans-serif;\">Dag 07 \u2013 Min b\u00e4sta v\u00e4n<\/span><br \/><span style=\"font-family: &quot;Helvetica Neue&quot;, Arial, Helvetica, sans-serif;\">Dag 08 \u2013 Ett \u00f6gonblick<\/span><br \/><span style=\"font-family: &quot;Helvetica Neue&quot;, Arial, Helvetica, sans-serif;\">Dag 09 \u2013 Min tro<\/span><br \/><span style=\"font-family: &quot;Helvetica Neue&quot;, Arial, Helvetica, sans-serif;\">Dag 10 \u2013 Det h\u00e4r hade jag p\u00e5 mig i dag<\/span><br \/><span style=\"font-family: &quot;Helvetica Neue&quot;, Arial, Helvetica, sans-serif;\">Dag 11 \u2013 Mina syskon<\/span><br \/><span style=\"font-family: &quot;Helvetica Neue&quot;, Arial, Helvetica, sans-serif;\">Dag 12 \u2013 I min handv\u00e4ska<\/span><br \/><span style=\"font-family: &quot;Helvetica Neue&quot;, Arial, Helvetica, sans-serif;\">Dag 13 \u2013 Den h\u00e4r veckan<\/span><br \/><span style=\"font-family: &quot;Helvetica Neue&quot;, Arial, Helvetica, sans-serif;\">Dag 14 \u2013 Vad hade jag p\u00e5 mig i dag?<\/span><br \/><span style=\"font-family: &quot;Helvetica Neue&quot;, Arial, Helvetica, sans-serif;\">Dag 15 \u2013 Mina dr\u00f6mmar<\/span><br \/><span style=\"font-family: &quot;Helvetica Neue&quot;, Arial, Helvetica, sans-serif;\">Dag 16 \u2013 Min f\u00f6rsta kyss<\/span><br \/><span style=\"font-family: &quot;Helvetica Neue&quot;, Arial, Helvetica, sans-serif;\">Dag 17 \u2013 Mitt favoritminne<\/span><br \/><span style=\"font-family: &quot;Helvetica Neue&quot;, Arial, Helvetica, sans-serif;\">Dag 18 \u2013 Min favoritf\u00f6delsedag<\/span><br \/><span style=\"font-family: &quot;Helvetica Neue&quot;, Arial, Helvetica, sans-serif;\">Dag 19 \u2013 Detta \u00e5ngrar jag<\/span><br \/><span style=\"font-family: &quot;Helvetica Neue&quot;, Arial, Helvetica, sans-serif;\">Dag 20 \u2013 Den h\u00e4r m\u00e5naden<\/span><br \/><span style=\"font-family: &quot;Helvetica Neue&quot;, Arial, Helvetica, sans-serif;\">Dag 21 \u2013 Ett annat \u00f6gonblick<\/span><br \/><span style=\"font-family: &quot;Helvetica Neue&quot;, Arial, Helvetica, sans-serif;\">Dag 22 \u2013 Det h\u00e4r uppr\u00f6r mig<\/span><br \/><span style=\"font-family: &quot;Helvetica Neue&quot;, Arial, Helvetica, sans-serif;\">Dag 23 \u2013 Det h\u00e4r f\u00e5r mig att m\u00e5 b\u00e4ttre<\/span><br \/><span style=\"font-family: &quot;Helvetica Neue&quot;, Arial, Helvetica, sans-serif;\">Dag 24 \u2013 Det h\u00e4r f\u00e5r mig att gr\u00e5ta<\/span><br \/><span style=\"font-family: &quot;Helvetica Neue&quot;, Arial, Helvetica, sans-serif;\">Dag 25 \u2013 En f\u00f6rsta<\/span><br \/><span style=\"font-family: &quot;Helvetica Neue&quot;, Arial, Helvetica, sans-serif;\">Dag 26 \u2013 Mina r\u00e4dslor<\/span><br \/><span style=\"font-family: &quot;Helvetica Neue&quot;, Arial, Helvetica, sans-serif;\">Dag 27 \u2013 Min favoritplats<\/span><br \/><span style=\"font-family: &quot;Helvetica Neue&quot;, Arial, Helvetica, sans-serif;\">Dag 28 \u2013 Det h\u00e4r saknar jag<\/span><br \/><span style=\"font-family: &quot;Helvetica Neue&quot;, Arial, Helvetica, sans-serif;\">Dag 29 \u2013 Mina ambitioner<\/span><br \/><span style=\"font-family: &quot;Helvetica Neue&quot;, Arial, Helvetica, sans-serif;\">Dag 30 \u2013 Ett sista \u00f6gonblick <\/span><\/p>\n<p><span style=\"font-family: Arial;\">Jag snodde iden, rakt av, <a href=\"http:\/\/onekligen.blogspot.com\/2010\/11\/grupptrycket-har-talat.html\">h\u00e4rifr\u00e5n!<\/a><\/span><br \/><span style=\"font-family: Arial;\">Jag b\u00f6rjar imorgon, fredag 12&nbsp; nov.<\/span><\/p>\n","protected":false},"excerpt":{"rendered":"<p>>Dag 01 \u2013 Om migDag 02 \u2013 Min f\u00f6rsta k\u00e4rlekDag 03 \u2013 Mina f\u00f6r\u00e4ldrarDag 04 \u2013 Det h\u00e4r \u00e5t jag i dagDag 05 \u2013 Vad \u00e4r k\u00e4rlek?Dag 06 \u2013 Min dagDag 07 \u2013 Min b\u00e4sta v\u00e4nDag 08 \u2013 Ett \u00f6gonblickDag &hellip; <a href=\"http:\/\/pernillaodlund.se\/?p=591\">L\u00e4s mer <span class=\"meta-nav\">&rarr;<\/span><\/a><\/p>\n","protected":false},"author":1,"featured_media":0,"comment_status":"open","ping_status":"open","sticky":false,"template":"","format":"standard","meta":{"om_disable_all_campaigns":false,"_monsterinsights_skip_tracking":false,"_monsterinsights_sitenote_active":false,"_monsterinsights_sitenote_note":"","_monsterinsights_sitenote_category":0,"footnotes":""},"categories":[1],"tags":[],"class_list":["post-591","post","type-post","status-publish","format-standard","hentry","category-uncategorized"],"aioseo_notices":[],"_links":{"self":[{"href":"http:\/\/pernillaodlund.se\/index.php?rest_route=\/wp\/v2\/posts\/591","targetHints":{"allow":["GET"]}}],"collection":[{"href":"http:\/\/pernillaodlund.se\/index.php?rest_route=\/wp\/v2\/posts"}],"about":[{"href":"http:\/\/pernillaodlund.se\/index.php?rest_route=\/wp\/v2\/types\/post"}],"author":[{"embeddable":true,"href":"http:\/\/pernillaodlund.se\/index.php?rest_route=\/wp\/v2\/users\/1"}],"replies":[{"embeddable":true,"href":"http:\/\/pernillaodlund.se\/index.php?rest_route=%2Fwp%2Fv2%2Fcomments&post=591"}],"version-history":[{"count":0,"href":"http:\/\/pernillaodlund.se\/index.php?rest_route=\/wp\/v2\/posts\/591\/revisions"}],"wp:attachment":[{"href":"http:\/\/pernillaodlund.se\/index.php?rest_route=%2Fwp%2Fv2%2Fmedia&parent=591"}],"wp:term":[{"taxonomy":"category","embeddable":true,"href":"http:\/\/pernillaodlund.se\/index.php?rest_route=%2Fwp%2Fv2%2Fcategories&post=591"},{"taxonomy":"post_tag","embeddable":true,"href":"http:\/\/pernillaodlund.se\/index.php?rest_route=%2Fwp%2Fv2%2Ftags&post=591"}],"curies":[{"name":"wp","href":"https:\/\/api.w.org\/{rel}","templated":true}]}}