{"id":592,"date":"2010-11-12T09:52:00","date_gmt":"2010-11-12T08:52:00","guid":{"rendered":"http:\/\/pernillaodlund.se\/?p=592"},"modified":"2010-11-12T09:52:00","modified_gmt":"2010-11-12T08:52:00","slug":"om-mig","status":"publish","type":"post","link":"http:\/\/pernillaodlund.se\/?p=592","title":{"rendered":">Om mig"},"content":{"rendered":"<p>><span style=\"font-family: &quot;Helvetica Neue&quot;, Arial, Helvetica, sans-serif;\">Jag f\u00f6ddes i slutet av januari 1972, d\u00e5 hade jag en storasyster och senare fick jag en lillebror. Vi bodde i ett hus i Segeltorp, som ligger strax s\u00f6der om Stockholm. Min storasyster, som f \u00f6 \u00e4r min idol, alltid varit och alltid kommer att vara, \u00e4r&nbsp;7 \u00e5r \u00e4ldre \u00e4n mig och 8 \u00e5r \u00e4ldre \u00e4n&nbsp;v\u00e5r lillebror, s\u00e5 hon fick allt som oftast sl\u00e4pa omkring p\u00e5 oss. Detta ledde till att en icke f\u00f6rsumbar del av min barndom spenderades p\u00e5 AIK\u00b4s fotbollsmatcher. Jag &#8221;tvingades&#8221; till att bli AIK\u00b4are &#8211; och inte har jag v\u00e5gat bli n\u00e5got annat i vuxen \u00e5lder \ud83d\ude09<\/span><\/p>\n<p><span style=\"font-family: &quot;Helvetica Neue&quot;, Arial, Helvetica, sans-serif;\">Den f\u00f6rsta delen av skoltiden var rolig, jag \u00e4lskade skolan och hade bra kompisar. Den sista delen av skoltiden var v\u00e4l inte dirket s\u00e5 lysande och det slutade med att jag utbildade mig till barnsk\u00f6tare fast\u00e4n jag egentligen ville bli l\u00e4rare &#8230; :O<\/span><br \/><span style=\"font-family: &quot;Helvetica Neue&quot;, Arial, Helvetica, sans-serif;\">Men n\u00e4r jag sedan b\u00f6rjade jobba s\u00e5 b\u00f6rjade jag med att registrera \u00e4renden p\u00e5 ett inkassof\u00f6retag. D\u00e4rifr\u00e5n gick jag vidare till, vad vi i familjen d\u00e5 kallade &#8211; familjef\u00f6retaget, Ericsson (bara f\u00f6r att b\u00e5de syrran, brorsan, mamma och s\u00e5 jag jobbade d\u00e4r). P\u00e5 Ericsson, i Kista, jobbade jag sedan \u00e4nda fram till \u00e5r 2000. Fast d\u00e4remellan h\u00e4nde lite annat.<\/span><\/p>\n<p><span style=\"font-family: &quot;Helvetica Neue&quot;, Arial, Helvetica, sans-serif;\">Redan som fem\u00e5ring tr\u00e4ffade jag min blivande man, Nicklas. Han och hans familj flyttade in lite l\u00e4ngre ner p\u00e5 gatan och han blev b\u00e4stis med min bror. Under hela min uppv\u00e4xt gick han som barn i v\u00e5rt hus. N\u00e4r vi var 19 och 20 \u00e5r gamla &#8221;uppt\u00e4ckte&#8221; vi varandra och blev ett par. Snabbt flyttade vi ihop och sedan \u00e4gnade vi n\u00e5gra \u00e5r till att flytta runt innan vi, 1996, k\u00f6pte oss ett parhus i Segeltorp. <\/span><\/p>\n<p><span style=\"font-family: &quot;Helvetica Neue&quot;, Arial, Helvetica, sans-serif;\">1996 blev ocks\u00e5 p\u00e5 ett annat s\u00e4tt ett v\u00e4ldigt viktigt \u00e5r &#8211; d\u00e5 f\u00f6ddes v\u00e5r son&nbsp;&#8211; Jesper. <\/span><br \/><span style=\"font-family: &quot;Helvetica Neue&quot;, Arial, Helvetica, sans-serif;\">2 \u00e5r senare fick han s\u00e4llskap av v\u00e5r dotter &#8211; Emma. 1998 s\u00e5lde vi parhuset och k\u00f6pte min farmor och farfars gamla hus p\u00e5 samma gata d\u00e4r jag och Nicklas v\u00e4xte upp.<\/span><\/p>\n<p><span style=\"font-family: &quot;Helvetica Neue&quot;, Arial, Helvetica, sans-serif;\">\u00c5r 2000 b\u00f6rjade jag arbeta i det riktiga familjef\u00f6retaget &#8211; STIGAB. Min man och hans familjs f\u00f6retag. F\u00f6rst hj\u00e4lpte jag min sv\u00e4rmor med ekonomi-uppgifter, fr\u00e4mst n\u00e4r hon var p\u00e5 semester. Numera jobbar jag med hemsidan och att fotografera alla deras produkter.<\/span><\/p>\n<p><span style=\"font-family: Arial;\">\u00c5r 2000 k\u00f6pte vi en tomt, byggde oss ett hus&nbsp;och flyttade i slutet av \u00e5ret till Tullinge.<\/span><\/p>\n<p><span style=\"font-family: &quot;Helvetica Neue&quot;, Arial, Helvetica, sans-serif;\">\u00c5r 2002 (tror jag) b\u00f6rjade v\u00e5rt h\u00e4stliv f\u00f6r d\u00e5 b\u00f6rjade Emma rida p\u00e5 en ridskola n\u00e4ra h\u00e4r. \u00c5r 2005 b\u00f6rjade \u00e4ven jag att rida, f\u00f6rst p\u00e5 ett st\u00e4lle och sedan p\u00e5 samma st\u00e4lla d\u00e4r Emma red. <\/span><br \/><span style=\"font-family: &quot;Helvetica Neue&quot;, Arial, Helvetica, sans-serif;\">2006 k\u00f6pte vi Sudden<\/span><br \/><span style=\"font-family: &quot;Helvetica Neue&quot;, Arial, Helvetica, sans-serif;\">2007-2008 hyrde vi Russe<\/span><br \/><span style=\"font-family: &quot;Helvetica Neue&quot;, Arial, Helvetica, sans-serif;\">Mars 2008 k\u00f6pte vi Rasmus<\/span><br \/><span style=\"font-family: &quot;Helvetica Neue&quot;, Arial, Helvetica, sans-serif;\">Aug 2008 k\u00f6pte vi Kakan<\/span><br \/><span style=\"font-family: &quot;Helvetica Neue&quot;, Arial, Helvetica, sans-serif;\">Sept 2008 s\u00e5lde vi Rasmus<\/span><br \/><span style=\"font-family: &quot;Helvetica Neue&quot;, Arial, Helvetica, sans-serif;\">Okt 2009 k\u00f6pte vi Zorino<\/span><br \/><span style=\"font-family: &quot;Helvetica Neue&quot;, Arial, Helvetica, sans-serif;\">Maj 2010 s\u00e5lde vi Sudden<\/span><br \/><span style=\"font-family: &quot;Helvetica Neue&quot;, Arial, Helvetica, sans-serif;\">Juni 2010 s\u00e5lde vi Zorino<\/span><br \/><span style=\"font-family: &quot;Helvetica Neue&quot;, Arial, Helvetica, sans-serif;\">Juni 2010 k\u00f6pte vi Nido<\/span><br \/><span style=\"font-family: &quot;Helvetica Neue&quot;, Arial, Helvetica, sans-serif;\">Sept 2010 k\u00f6pte vi Cuba<\/span><br \/><span style=\"font-family: &quot;Helvetica Neue&quot;, Arial, Helvetica, sans-serif;\">Nov&nbsp;2010 l\u00e5nade vi ut Kakan p\u00e5 foder<\/span><\/p>\n<p><span style=\"font-family: &quot;Helvetica Neue&quot;, Arial, Helvetica, sans-serif;\">Detta var en ganska trist liten uppradning \u00f6ver mitt liv &#8230; hur \u00e4r jag d\u00e5? Jag \u00e4r oftast r\u00e4tt positiv men kan halka ner i lite trista tong\u00e5ngar ibland. Som tur \u00e4r har jag d\u00e5 n\u00e5gra runtomkring mig som puschar upp mig igen. Min syster har jag n\u00e4mnt f\u00f6rrut &#8211; men faktum \u00e4r att b\u00e5da mina syskon \u00e4r en stor del av mig, dom \u00e4r viktiga! <\/span><br \/><span style=\"font-family: Arial;\">Min man \u00e4r dock den absolut viktigaste delen av mitt liv &#8211; utan honom finns ingenting. S\u00e5klart \u00e4r mina barn = mina \u00f6gonstenar!!<\/span><br \/><span style=\"font-family: Arial;\">Mitt st\u00f6rsta intresse om man inte r\u00e4knar h\u00e4starna \u00e4r att l\u00e4sa. Jag \u00e4r en riktig bokslukerska, l\u00e4ser i stort sett allt men b\u00e4st tycker jag om deckare och fantasy. Jag gillar ocks\u00e5 att sticka och virka &#8211; men det g\u00f6r jag bara p\u00e5 den m\u00f6rka delen av \u00e5ret. P\u00e5 sommarhalv\u00e5ret hinner jag inte f\u00f6r jag \u00e4r inte inomhus tillr\u00e4ckligt l\u00e4nge \ud83d\ude42<\/span><br \/><span style=\"font-family: Arial;\">Vi har en b\u00e5t ocks\u00e5 och att \u00e5ka b\u00e5t \u00e4r n\u00e5got jag gillar &#8211; synd bara att det inte \u00e4r fler sommarm\u00e5nader om \u00e5ret. \u00c5ka skidor \u00e4r ocks\u00e5 kul men det brukar inte bli mer \u00e4n n\u00e5gon vecka per \u00e5r, om ens det.<\/span><\/p>\n<p><span style=\"font-family: Arial;\">I familjen finns \u00e4ven fyra andra djur, som bor hemma hos oss. Det \u00e4r Herr Morris och Amy som \u00e4r dv\u00e4rgkaniner. Piff och Puff \u00e4r tv\u00e5 hamstrar.<\/span><br \/><span style=\"font-family: Arial;\">H\u00e4lften av familjen vill dessutom ut\u00f6ka djurantalet i familjen med n\u00e5gra katter och en hund &#8230; dessv\u00e4rre \u00e4r det som sagt bara h\u00e4lften av familjen som vill det.<\/span><\/p>\n<p><span style=\"font-family: Arial;\">Det var lite om mig &#8211; imorgon blir inl\u00e4gget bra mycket kortare &#8211; hihi \ud83d\ude42<\/span><\/p>\n","protected":false},"excerpt":{"rendered":"<p>>Jag f\u00f6ddes i slutet av januari 1972, d\u00e5 hade jag en storasyster och senare fick jag en lillebror. Vi bodde i ett hus i Segeltorp, som ligger strax s\u00f6der om Stockholm. Min storasyster, som f \u00f6 \u00e4r min idol, alltid &hellip; <a href=\"http:\/\/pernillaodlund.se\/?p=592\">L\u00e4s mer <span class=\"meta-nav\">&rarr;<\/span><\/a><\/p>\n","protected":false},"author":1,"featured_media":0,"comment_status":"open","ping_status":"open","sticky":false,"template":"","format":"standard","meta":{"om_disable_all_campaigns":false,"_monsterinsights_skip_tracking":false,"_monsterinsights_sitenote_active":false,"_monsterinsights_sitenote_note":"","_monsterinsights_sitenote_category":0,"footnotes":""},"categories":[1],"tags":[],"class_list":["post-592","post","type-post","status-publish","format-standard","hentry","category-uncategorized"],"aioseo_notices":[],"_links":{"self":[{"href":"http:\/\/pernillaodlund.se\/index.php?rest_route=\/wp\/v2\/posts\/592","targetHints":{"allow":["GET"]}}],"collection":[{"href":"http:\/\/pernillaodlund.se\/index.php?rest_route=\/wp\/v2\/posts"}],"about":[{"href":"http:\/\/pernillaodlund.se\/index.php?rest_route=\/wp\/v2\/types\/post"}],"author":[{"embeddable":true,"href":"http:\/\/pernillaodlund.se\/index.php?rest_route=\/wp\/v2\/users\/1"}],"replies":[{"embeddable":true,"href":"http:\/\/pernillaodlund.se\/index.php?rest_route=%2Fwp%2Fv2%2Fcomments&post=592"}],"version-history":[{"count":0,"href":"http:\/\/pernillaodlund.se\/index.php?rest_route=\/wp\/v2\/posts\/592\/revisions"}],"wp:attachment":[{"href":"http:\/\/pernillaodlund.se\/index.php?rest_route=%2Fwp%2Fv2%2Fmedia&parent=592"}],"wp:term":[{"taxonomy":"category","embeddable":true,"href":"http:\/\/pernillaodlund.se\/index.php?rest_route=%2Fwp%2Fv2%2Fcategories&post=592"},{"taxonomy":"post_tag","embeddable":true,"href":"http:\/\/pernillaodlund.se\/index.php?rest_route=%2Fwp%2Fv2%2Ftags&post=592"}],"curies":[{"name":"wp","href":"https:\/\/api.w.org\/{rel}","templated":true}]}}