{"id":593,"date":"2010-11-13T17:38:00","date_gmt":"2010-11-13T16:38:00","guid":{"rendered":"http:\/\/pernillaodlund.se\/?p=593"},"modified":"2010-11-13T17:38:00","modified_gmt":"2010-11-13T16:38:00","slug":"min-forsta-karlek","status":"publish","type":"post","link":"http:\/\/pernillaodlund.se\/?p=593","title":{"rendered":">Min f\u00f6rsta k\u00e4rlek"},"content":{"rendered":"<p>><span style=\"font-family: &quot;Helvetica Neue&quot;, Arial, Helvetica, sans-serif;\">Under min f\u00f6rsta vecka i skolan som sju\u00e5ring fick jag inte mindre \u00e4n tv\u00e5 sm\u00e5 lappar nersmygna i min jack-ficka, d\u00e4r det stod:<\/span><\/p>\n<p><span style=\"font-family: &quot;Helvetica Neue&quot;, Arial, Helvetica, sans-serif;\"><em>F\u00e5r jag chans p\u00e5 dig?<\/em><\/span><\/p>\n<p><span style=\"font-family: &quot;Helvetica Neue&quot;, Arial, Helvetica, sans-serif;\">Hihi &#8211; s\u00e5 gulligt. Den ena av dessa killar umg\u00e5s jag fortfarande med, han \u00e4r gift med en av mina absolut b\u00e4sta v\u00e4nner och jag \u00e4r gudmor till b\u00e5da hans s\u00f6ner. <\/span><\/p>\n<p><span style=\"font-family: &quot;Helvetica Neue&quot;, Arial, Helvetica, sans-serif;\">Kanske man inte kan kalla detta f\u00f6r den f\u00f6rsta k\u00e4rleken &#8230;<\/span><\/p>\n<p><span style=\"font-family: &quot;Helvetica Neue&quot;, Arial, Helvetica, sans-serif;\">N\u00e4r jag gick f\u00f6rsta \u00e5ret p\u00e5 gymnasiet blev jag riktigt k\u00e4r &#8211; kanske det ska r\u00e4knas som min f\u00f6rsta k\u00e4rlek? Det h\u00f6ll n\u00e5got \u00e5r och honom har jag f\u00e5tt kontakt med igen p\u00e5 facebook &#8211; lite kul \ud83d\ude42<\/span><\/p>\n<p><span style=\"font-family: Arial;\">Men den riktiga k\u00e4rleken (riktig riktigt ni vet) tr\u00e4ffade jag ju som tidigare n\u00e4mnt som fem\u00e5ring. D\u00c5 var det kanske inte k\u00e4rlek men det \u00e4r det absolut nu \ud83d\ude42 &lt;3<\/span><\/p>\n","protected":false},"excerpt":{"rendered":"<p>>Under min f\u00f6rsta vecka i skolan som sju\u00e5ring fick jag inte mindre \u00e4n tv\u00e5 sm\u00e5 lappar nersmygna i min jack-ficka, d\u00e4r det stod: F\u00e5r jag chans p\u00e5 dig? Hihi &#8211; s\u00e5 gulligt. Den ena av dessa killar umg\u00e5s jag fortfarande &hellip; <a href=\"http:\/\/pernillaodlund.se\/?p=593\">L\u00e4s mer <span class=\"meta-nav\">&rarr;<\/span><\/a><\/p>\n","protected":false},"author":1,"featured_media":0,"comment_status":"open","ping_status":"open","sticky":false,"template":"","format":"standard","meta":{"om_disable_all_campaigns":false,"_monsterinsights_skip_tracking":false,"_monsterinsights_sitenote_active":false,"_monsterinsights_sitenote_note":"","_monsterinsights_sitenote_category":0,"footnotes":""},"categories":[1],"tags":[],"class_list":["post-593","post","type-post","status-publish","format-standard","hentry","category-uncategorized"],"aioseo_notices":[],"_links":{"self":[{"href":"http:\/\/pernillaodlund.se\/index.php?rest_route=\/wp\/v2\/posts\/593","targetHints":{"allow":["GET"]}}],"collection":[{"href":"http:\/\/pernillaodlund.se\/index.php?rest_route=\/wp\/v2\/posts"}],"about":[{"href":"http:\/\/pernillaodlund.se\/index.php?rest_route=\/wp\/v2\/types\/post"}],"author":[{"embeddable":true,"href":"http:\/\/pernillaodlund.se\/index.php?rest_route=\/wp\/v2\/users\/1"}],"replies":[{"embeddable":true,"href":"http:\/\/pernillaodlund.se\/index.php?rest_route=%2Fwp%2Fv2%2Fcomments&post=593"}],"version-history":[{"count":0,"href":"http:\/\/pernillaodlund.se\/index.php?rest_route=\/wp\/v2\/posts\/593\/revisions"}],"wp:attachment":[{"href":"http:\/\/pernillaodlund.se\/index.php?rest_route=%2Fwp%2Fv2%2Fmedia&parent=593"}],"wp:term":[{"taxonomy":"category","embeddable":true,"href":"http:\/\/pernillaodlund.se\/index.php?rest_route=%2Fwp%2Fv2%2Fcategories&post=593"},{"taxonomy":"post_tag","embeddable":true,"href":"http:\/\/pernillaodlund.se\/index.php?rest_route=%2Fwp%2Fv2%2Ftags&post=593"}],"curies":[{"name":"wp","href":"https:\/\/api.w.org\/{rel}","templated":true}]}}