{"id":594,"date":"2010-11-14T20:15:00","date_gmt":"2010-11-14T19:15:00","guid":{"rendered":"http:\/\/pernillaodlund.se\/?p=594"},"modified":"2010-11-14T20:15:00","modified_gmt":"2010-11-14T19:15:00","slug":"mina-foraldrar","status":"publish","type":"post","link":"http:\/\/pernillaodlund.se\/?p=594","title":{"rendered":">Mina f\u00f6r\u00e4ldrar"},"content":{"rendered":"<p>><span style=\"font-family: &quot;Helvetica Neue&quot;, Arial, Helvetica, sans-serif;\">N\u00e4r kan det passa b\u00e4ttre att skriva om sina f\u00f6r\u00e4ldrar \u00e4n p\u00e5 Fars Dag \ud83d\ude42<\/span><\/p>\n<p><span style=\"color: red; font-family: &quot;Helvetica Neue&quot;, Arial, Helvetica, sans-serif;\"><strong>Grattis p\u00e5 Fars Dag lilla pappa &lt;3<\/strong><\/span><\/p>\n<p><span style=\"font-family: &quot;Helvetica Neue&quot;, Arial, Helvetica, sans-serif;\">Jag har, s\u00e5klart, v\u00e4rldens b\u00e4sta f\u00f6r\u00e4ldrar. <\/span><\/p>\n<p><span style=\"font-family: &quot;Helvetica Neue&quot;, Arial, Helvetica, sans-serif;\">N\u00e4r jag v\u00e4xte upp, f\u00f6dd p\u00e5 70-talet som jag \u00e4r, hade folk inte datorer. S\u00e5klart fanns det datorer men dom hade man p\u00e5 jobbet &#8211; inte hemma. <\/span><br \/><span style=\"font-family: &quot;Helvetica Neue&quot;, Arial, Helvetica, sans-serif;\">Men min mamma jobbade med datorer s\u00e5 jag v\u00e4xte upp med dom &#8211; ungef\u00e4r som barn g\u00f6r idag. F\u00f6r mig var det aldrig n\u00e5got konstigt. Datorerna s\u00e5g visserligen inte som idag men \u00e4nd\u00e5 \ud83d\ude42<\/span><br \/><span style=\"font-family: &quot;Helvetica Neue&quot;, Arial, Helvetica, sans-serif;\">Min mamma var s\u00e5klart den coolaste mamman av dom alla eftersom hon h\u00f6ll p\u00e5 med datorer \ud83d\ude09<\/span><\/p>\n<p><span style=\"font-family: &quot;Helvetica Neue&quot;, Arial, Helvetica, sans-serif;\">Min pappa lagade klockor och var v\u00e4ldens b\u00e4sta p\u00e5 geografi. Fanns inte en plats p\u00e5 jorden som han inte kunde ge besked om n\u00e4r man fr\u00e5gade. Under \u00e5ren jag l\u00e4rde mig k\u00f6ra bil och de f\u00f6rsta \u00e5ren med k\u00f6rkort n\u00e4r man k\u00f6rde runt en del s\u00e5 blev det otaliga telefonsamtal till pappa med fr\u00e5gor om hur jag kom dit eller dit fr\u00e5n d\u00e4r eller h\u00e4r.<\/span><\/p>\n<p><span style=\"font-family: &quot;Helvetica Neue&quot;, Arial, Helvetica, sans-serif;\">Dom \u00e4r s\u00e5klart fortfarande v\u00e4rldsb\u00e4st men kanske inte riktigt p\u00e5 samma saker som d\u00e5. Nu f\u00f6rtiden har jag &#8221;k\u00f6rt om&#8221; mamma i data-v\u00e4rlden och hittar nog b\u00e4ttre i stan \u00e4n pappa MEN det spelar liksom ingen roll f\u00f6r jag \u00e4lskar dom \u00e4nd\u00e5 \ud83d\ude42<\/span><\/p>\n","protected":false},"excerpt":{"rendered":"<p>>N\u00e4r kan det passa b\u00e4ttre att skriva om sina f\u00f6r\u00e4ldrar \u00e4n p\u00e5 Fars Dag \ud83d\ude42 Grattis p\u00e5 Fars Dag lilla pappa &lt;3 Jag har, s\u00e5klart, v\u00e4rldens b\u00e4sta f\u00f6r\u00e4ldrar. N\u00e4r jag v\u00e4xte upp, f\u00f6dd p\u00e5 70-talet som jag \u00e4r, hade folk &hellip; <a href=\"http:\/\/pernillaodlund.se\/?p=594\">L\u00e4s mer <span class=\"meta-nav\">&rarr;<\/span><\/a><\/p>\n","protected":false},"author":1,"featured_media":0,"comment_status":"open","ping_status":"open","sticky":false,"template":"","format":"standard","meta":{"om_disable_all_campaigns":false,"_monsterinsights_skip_tracking":false,"_monsterinsights_sitenote_active":false,"_monsterinsights_sitenote_note":"","_monsterinsights_sitenote_category":0,"footnotes":""},"categories":[1],"tags":[],"class_list":["post-594","post","type-post","status-publish","format-standard","hentry","category-uncategorized"],"aioseo_notices":[],"_links":{"self":[{"href":"http:\/\/pernillaodlund.se\/index.php?rest_route=\/wp\/v2\/posts\/594","targetHints":{"allow":["GET"]}}],"collection":[{"href":"http:\/\/pernillaodlund.se\/index.php?rest_route=\/wp\/v2\/posts"}],"about":[{"href":"http:\/\/pernillaodlund.se\/index.php?rest_route=\/wp\/v2\/types\/post"}],"author":[{"embeddable":true,"href":"http:\/\/pernillaodlund.se\/index.php?rest_route=\/wp\/v2\/users\/1"}],"replies":[{"embeddable":true,"href":"http:\/\/pernillaodlund.se\/index.php?rest_route=%2Fwp%2Fv2%2Fcomments&post=594"}],"version-history":[{"count":0,"href":"http:\/\/pernillaodlund.se\/index.php?rest_route=\/wp\/v2\/posts\/594\/revisions"}],"wp:attachment":[{"href":"http:\/\/pernillaodlund.se\/index.php?rest_route=%2Fwp%2Fv2%2Fmedia&parent=594"}],"wp:term":[{"taxonomy":"category","embeddable":true,"href":"http:\/\/pernillaodlund.se\/index.php?rest_route=%2Fwp%2Fv2%2Fcategories&post=594"},{"taxonomy":"post_tag","embeddable":true,"href":"http:\/\/pernillaodlund.se\/index.php?rest_route=%2Fwp%2Fv2%2Ftags&post=594"}],"curies":[{"name":"wp","href":"https:\/\/api.w.org\/{rel}","templated":true}]}}