{"id":600,"date":"2010-11-18T10:05:00","date_gmt":"2010-11-18T09:05:00","guid":{"rendered":"http:\/\/pernillaodlund.se\/?p=600"},"modified":"2010-11-18T10:05:00","modified_gmt":"2010-11-18T09:05:00","slug":"ibland-hander-det-saker-min-dag","status":"publish","type":"post","link":"http:\/\/pernillaodlund.se\/?p=600","title":{"rendered":">Ibland h\u00e4nder det saker &#8211; Min dag"},"content":{"rendered":"<p>><span style=\"font-family: &quot;Helvetica Neue&quot;, Arial, Helvetica, sans-serif;\">Ja nu undrar ni s\u00e4kert &#8211; varf\u00f6r uteblev inl\u00e4gget Min dag &#8230; det utgick inte, det \u00e4r bara lite sent.<\/span><\/p>\n<p><span style=\"font-family: &quot;Helvetica Neue&quot;, Arial, Helvetica, sans-serif;\">Min dag:<\/span><br \/><span style=\"font-family: &quot;Helvetica Neue&quot;, Arial, Helvetica, sans-serif;\">Planen f\u00f6r dagen var att jobba i stallet, hinna med massor av saker d\u00e4r och p\u00e5 kv\u00e4llen skjutsa tv\u00e5 sm\u00e5 s\u00f6ta flickor inklusive tv\u00e5 s\u00f6t ponnisar till Botkyrka f\u00f6r lite lektion &#8230; men det blir s\u00e4llan som man planerat.<\/span><br \/><span style=\"font-family: &quot;Helvetica Neue&quot;, Arial, Helvetica, sans-serif;\">Ist\u00e4llet b\u00f6rjar dagen fint med stalljobb &#8211; precis som jag sl\u00e4ppt ut sista h\u00e4sten ringer telefonen och det \u00e4r sonens l\u00e4rare som ber\u00e4ttar att sonen ramlat och slagit i ansikte och t\u00e4nder \ud83d\ude41<\/span><\/p>\n<div style=\"border-bottom: medium none; border-left: medium none; border-right: medium none; border-top: medium none;\"><a href=\"http:\/\/2.bp.blogspot.com\/_1lpcQBoi3rU\/TOTsNqCuewI\/AAAAAAAAByc\/j3uqxksJhzo\/s1600\/tand.gif\" imageanchor=\"1\" style=\"clear: left; cssfloat: left; float: left; margin-bottom: 1em; margin-right: 1em;\"><img decoding=\"async\" border=\"0\" ox=\"true\" src=\"http:\/\/2.bp.blogspot.com\/_1lpcQBoi3rU\/TOTsNqCuewI\/AAAAAAAAByc\/j3uqxksJhzo\/s1600\/tand.gif\" \/><\/a><span style=\"font-family: &quot;Helvetica Neue&quot;, Arial, Helvetica, sans-serif;\">Mannen \u00e5ker och h\u00e4mtar och direkt till tandl\u00e4karen som konstaterar att en ordentlig flisa slagits ur ena framtanden.<\/span><\/div>\n<p><span style=\"font-family: &quot;Helvetica Neue&quot;, Arial, Helvetica, sans-serif;\">Dessutom har sonen ont i huvud, nacke och armar &#8211; s\u00e5 jag \u00e5ker hem och har lite koll p\u00e5 honom. <\/span><br \/><span style=\"font-family: &quot;Helvetica Neue&quot;, Arial, Helvetica, sans-serif;\">P\u00e5 em tillbaka till stallet och ta in h\u00e4star &#8211; hem igen. P\u00e5 kv\u00e4llen tillbaka till stallet och skjutsa barn och ponnysar till tr\u00e4ning.<\/span><\/p>\n<div style=\"border-bottom: medium none; border-left: medium none; border-right: medium none; border-top: medium none;\"><span style=\"font-family: &quot;Helvetica Neue&quot;, Arial, Helvetica, sans-serif;\">Jag \u00e5kte allts\u00e5 lite mer \u00e4n 10 mil ig\u00e5r &#8230; \ud83d\ude41 (i n\u00e4romr\u00e5det)<\/span><\/div>\n<div style=\"border-bottom: medium none; border-left: medium none; border-right: medium none; border-top: medium none;\"><\/div>\n<div style=\"border-bottom: medium none; border-left: medium none; border-right: medium none; border-top: medium none;\"><span style=\"font-family: Arial;\">F\u00f6r er som undrar s\u00e5 m\u00e5r sonen okej, dock inte bra. Han har ont i framt\u00e4nderna och kan inte tugga. Vi var tillbaka till tandis idag och ska tillbaka igen p\u00e5 m\u00e5ndag. D\u00e5 ska dom snygga till tanden igen.<\/span><\/div>\n<div style=\"border-bottom: medium none; border-left: medium none; border-right: medium none; border-top: medium none;\"><\/div>\n<div style=\"border-bottom: medium none; border-left: medium none; border-right: medium none; border-top: medium none;\"><span style=\"font-family: Arial;\">N\u00e4r jag kom hem ig\u00e5r (natt) s\u00e5 orkade jag faktiskt inte blogga om min dag &#8211; gick ju lika bra att g\u00f6ra det idag \ud83d\ude42<\/span><\/div>\n<div style=\"border-bottom: medium none; border-left: medium none; border-right: medium none; border-top: medium none;\"><\/div>\n","protected":false},"excerpt":{"rendered":"<p>>Ja nu undrar ni s\u00e4kert &#8211; varf\u00f6r uteblev inl\u00e4gget Min dag &#8230; det utgick inte, det \u00e4r bara lite sent. Min dag:Planen f\u00f6r dagen var att jobba i stallet, hinna med massor av saker d\u00e4r och p\u00e5 kv\u00e4llen skjutsa tv\u00e5 &hellip; <a href=\"http:\/\/pernillaodlund.se\/?p=600\">L\u00e4s mer <span class=\"meta-nav\">&rarr;<\/span><\/a><\/p>\n","protected":false},"author":1,"featured_media":0,"comment_status":"open","ping_status":"open","sticky":false,"template":"","format":"standard","meta":{"om_disable_all_campaigns":false,"_monsterinsights_skip_tracking":false,"_monsterinsights_sitenote_active":false,"_monsterinsights_sitenote_note":"","_monsterinsights_sitenote_category":0,"footnotes":""},"categories":[1],"tags":[],"class_list":["post-600","post","type-post","status-publish","format-standard","hentry","category-uncategorized"],"aioseo_notices":[],"_links":{"self":[{"href":"http:\/\/pernillaodlund.se\/index.php?rest_route=\/wp\/v2\/posts\/600","targetHints":{"allow":["GET"]}}],"collection":[{"href":"http:\/\/pernillaodlund.se\/index.php?rest_route=\/wp\/v2\/posts"}],"about":[{"href":"http:\/\/pernillaodlund.se\/index.php?rest_route=\/wp\/v2\/types\/post"}],"author":[{"embeddable":true,"href":"http:\/\/pernillaodlund.se\/index.php?rest_route=\/wp\/v2\/users\/1"}],"replies":[{"embeddable":true,"href":"http:\/\/pernillaodlund.se\/index.php?rest_route=%2Fwp%2Fv2%2Fcomments&post=600"}],"version-history":[{"count":0,"href":"http:\/\/pernillaodlund.se\/index.php?rest_route=\/wp\/v2\/posts\/600\/revisions"}],"wp:attachment":[{"href":"http:\/\/pernillaodlund.se\/index.php?rest_route=%2Fwp%2Fv2%2Fmedia&parent=600"}],"wp:term":[{"taxonomy":"category","embeddable":true,"href":"http:\/\/pernillaodlund.se\/index.php?rest_route=%2Fwp%2Fv2%2Fcategories&post=600"},{"taxonomy":"post_tag","embeddable":true,"href":"http:\/\/pernillaodlund.se\/index.php?rest_route=%2Fwp%2Fv2%2Ftags&post=600"}],"curies":[{"name":"wp","href":"https:\/\/api.w.org\/{rel}","templated":true}]}}