{"id":601,"date":"2010-11-18T21:35:00","date_gmt":"2010-11-18T20:35:00","guid":{"rendered":"http:\/\/pernillaodlund.se\/?p=601"},"modified":"2010-11-18T21:35:00","modified_gmt":"2010-11-18T20:35:00","slug":"min-basta-van","status":"publish","type":"post","link":"http:\/\/pernillaodlund.se\/?p=601","title":{"rendered":">Min b\u00e4sta v\u00e4n"},"content":{"rendered":"<p>><span style=\"font-family: &quot;Helvetica Neue&quot;, Arial, Helvetica, sans-serif;\">Min absolut b\u00e4staste b\u00e4stisv\u00e4n \u00e4r min man men f\u00f6rutom honom s\u00e5 har jag inte bara en b\u00e4sta v\u00e4n utan flera:<\/span><\/p>\n<p><span style=\"font-family: &quot;Helvetica Neue&quot;, Arial, Helvetica, sans-serif;\">Till att b\u00f6rja med har jag A&nbsp;som \u00e4r gift med min gamla, gamla skolkompis. Vi tr\u00e4ffades n\u00e4r dom och jag och Nicklas flyttade till samma omr\u00e5det. D\u00e5 hade det g\u00e5tt n\u00e5gra \u00e5r efter skolan och jag hade inte tr\u00e4ffat J p\u00e5 m\u00e5nga \u00e5r.&nbsp;Vi blev genast mycket bra v\u00e4nner med A och J. Under \u00e5ren d\u00e4r hade vi enormt m\u00e5nga roliga och trevliga stunder tillsammans. A var den person, den enda f\u00f6rutom Nicklas, som f\u00f6rstod och trofast fanns kvar vid min sida n\u00e4r jag m\u00e5dde d\u00e5ligt efter att Emma f\u00f6ddes. A ringde och &#8221;tjatade&#8221; om att vi skulle tr\u00e4ffas fast\u00e4n jag aldrig ringde henne. A st\u00e4llde upp utan krusiduller och vet ni vad &#8211; det g\u00f6r hon \u00e4n idag. Hon \u00e4r den absolut b\u00e4sta v\u00e4n man kan t\u00e4nka sig \ud83d\ude42 Jag och Nicklas har dessutom den stora \u00e4ran och gl\u00e4djen att vara gudf\u00f6r\u00e4ldrar till deras fina pojkar.<\/span><\/p>\n<p><span style=\"font-family: &quot;Helvetica Neue&quot;, Arial, Helvetica, sans-serif;\">Sen har vi \u00c5 &#8211; hon g\u00e5r inte heller av f\u00f6r hackor \ud83d\ude09 Hon kom in i mitt liv mycket senare. Vi tr\u00e4ffades och blev v\u00e4nner f\u00f6r att v\u00e5ra barn tr\u00e4ffades och blev v\u00e4nner. N\u00e4r v\u00e5ra d\u00f6ttrar b\u00f6rjade rida satt vi d\u00e4r p\u00e5 l\u00e4ktaren och l\u00e4rde k\u00e4nna varandra. Sedan dr\u00f6jde det inte s\u00e5 l\u00e4nge f\u00f6rr\u00e4n vi b\u00f6rjade \u00e4ta middag tillsammans och \u00e5ka p\u00e5 semester tillsammans. B\u00e5de \u00c5 och hennes man J \u00e4r toppenv\u00e4nner. St\u00e4ller alltid upp och \u00e4r alltid otroligt trevliga att umg\u00e5s med \ud83d\ude42<\/span><\/p>\n<p><span style=\"font-family: &quot;Helvetica Neue&quot;, Arial, Helvetica, sans-serif;\">Sist men absolut inte minst har jag B. B och jag l\u00e4rde k\u00e4nna varandra f\u00f6r bara tre \u00e5r sedan. Det b\u00f6rjade med att jag s\u00e5lde en h\u00e4st till henne. Sedan dr\u00f6jde det inte l\u00e4nge f\u00f6rr\u00e4n vi var &#8221;oskiljaktiga&#8221; i stallet. Vi flyttade tillsammans med v\u00e5ra fyra h\u00e4star och alla &#8221;v\u00e5ra&#8221; barn. Och s\u00e5sm\u00e5ningom \u00e4ven flyttade tillbaka. Vi jobbar ihop i stort sett varje dag och jobbar vi inte ihop s\u00e5 syns vi \u00e4nd\u00e5 varje dag i stallet. <\/span><br \/><span style=\"font-family: &quot;Helvetica Neue&quot;, Arial, Helvetica, sans-serif;\">B \u00e4r den absolut sn\u00e4llaste m\u00e4nniska jag n\u00e5gonsin har tr\u00e4ffat. Hon \u00e4r helt genuint osj\u00e4lvisk. Och egentligen hur m\u00e5nga s\u00e5dana finns det?<\/span><\/p>\n<p><span style=\"font-family: Arial;\">T\u00e4nk \u00e4nd\u00e5 vilken tur-m\u00e4nniska jag \u00e4r som har dessa tre v\u00e4nner och \u00e4nnu b\u00e4ttre &#8211; dessa \u00e4r inte mina enda. Jag har flera som egentligen ocks\u00e5 skulle ha en plats h\u00e4r idag.<\/span><br \/><span style=\"font-family: Arial;\">Ni finns i mitt hj\u00e4rta och jag tror ni vet vilka ni \u00e4r &lt;3<\/span><\/p>\n","protected":false},"excerpt":{"rendered":"<p>>Min absolut b\u00e4staste b\u00e4stisv\u00e4n \u00e4r min man men f\u00f6rutom honom s\u00e5 har jag inte bara en b\u00e4sta v\u00e4n utan flera: Till att b\u00f6rja med har jag A&nbsp;som \u00e4r gift med min gamla, gamla skolkompis. Vi tr\u00e4ffades n\u00e4r dom och jag &hellip; <a href=\"http:\/\/pernillaodlund.se\/?p=601\">L\u00e4s mer <span class=\"meta-nav\">&rarr;<\/span><\/a><\/p>\n","protected":false},"author":1,"featured_media":0,"comment_status":"open","ping_status":"open","sticky":false,"template":"","format":"standard","meta":{"om_disable_all_campaigns":false,"_monsterinsights_skip_tracking":false,"_monsterinsights_sitenote_active":false,"_monsterinsights_sitenote_note":"","_monsterinsights_sitenote_category":0,"footnotes":""},"categories":[1],"tags":[],"class_list":["post-601","post","type-post","status-publish","format-standard","hentry","category-uncategorized"],"aioseo_notices":[],"_links":{"self":[{"href":"http:\/\/pernillaodlund.se\/index.php?rest_route=\/wp\/v2\/posts\/601","targetHints":{"allow":["GET"]}}],"collection":[{"href":"http:\/\/pernillaodlund.se\/index.php?rest_route=\/wp\/v2\/posts"}],"about":[{"href":"http:\/\/pernillaodlund.se\/index.php?rest_route=\/wp\/v2\/types\/post"}],"author":[{"embeddable":true,"href":"http:\/\/pernillaodlund.se\/index.php?rest_route=\/wp\/v2\/users\/1"}],"replies":[{"embeddable":true,"href":"http:\/\/pernillaodlund.se\/index.php?rest_route=%2Fwp%2Fv2%2Fcomments&post=601"}],"version-history":[{"count":0,"href":"http:\/\/pernillaodlund.se\/index.php?rest_route=\/wp\/v2\/posts\/601\/revisions"}],"wp:attachment":[{"href":"http:\/\/pernillaodlund.se\/index.php?rest_route=%2Fwp%2Fv2%2Fmedia&parent=601"}],"wp:term":[{"taxonomy":"category","embeddable":true,"href":"http:\/\/pernillaodlund.se\/index.php?rest_route=%2Fwp%2Fv2%2Fcategories&post=601"},{"taxonomy":"post_tag","embeddable":true,"href":"http:\/\/pernillaodlund.se\/index.php?rest_route=%2Fwp%2Fv2%2Ftags&post=601"}],"curies":[{"name":"wp","href":"https:\/\/api.w.org\/{rel}","templated":true}]}}