{"id":602,"date":"2010-11-19T23:56:00","date_gmt":"2010-11-19T22:56:00","guid":{"rendered":"http:\/\/pernillaodlund.se\/?p=602"},"modified":"2010-11-19T23:56:00","modified_gmt":"2010-11-19T22:56:00","slug":"ett-ogonblick","status":"publish","type":"post","link":"http:\/\/pernillaodlund.se\/?p=602","title":{"rendered":">Ett \u00f6gonblick"},"content":{"rendered":"<p>><\/p>\n<div class=\"separator\" style=\"clear: both; text-align: center;\"><a href=\"http:\/\/3.bp.blogspot.com\/_1lpcQBoi3rU\/TOcBeceqDcI\/AAAAAAAAByg\/MkbLRtxfm-Y\/s1600\/DSC_4393_xxy.jpg\" imageanchor=\"1\" style=\"clear: left; cssfloat: left; float: left; margin-bottom: 1em; margin-right: 1em;\"><img loading=\"lazy\" decoding=\"async\" border=\"0\" height=\"222\" ox=\"true\" src=\"http:\/\/3.bp.blogspot.com\/_1lpcQBoi3rU\/TOcBeceqDcI\/AAAAAAAAByg\/MkbLRtxfm-Y\/s320\/DSC_4393_xxy.jpg\" width=\"320\" \/><\/a><\/div>\n<p><span style=\"font-family: &quot;Helvetica Neue&quot;, Arial, Helvetica, sans-serif;\">Jag har t\u00e4nkt och t\u00e4nkt och t\u00e4nkt p\u00e5 ett speciellt \u00f6gonblick men haft lite sv\u00e5rt att v\u00e4lja ett. Men s\u00e5 t\u00e4nkte jag &#8211; det \u00e4r ju \u00e4nd\u00e5 en h\u00e4stblogg s\u00e5 vad passar b\u00e4ttre \u00e4n ett h\u00e4st-minne:<\/span><\/p>\n<p><span style=\"font-family: &quot;Helvetica Neue&quot;, Arial, Helvetica, sans-serif;\">Dagen d\u00e5 jag f\u00f6r f\u00f6rsta g\u00e5ngen tr\u00e4ffade Zorino. Han stod p\u00e5 g\u00e5ngen n\u00e4r vi kom, var borstad och s\u00e5g s\u00e5 himla fin och gl\u00e4nsande ut. Tjejen som s\u00e5lde sadlade p\u00e5 och vi gick till ridhuset. Hon red honom f\u00f6rst och n\u00e4r jag s\u00e5g henne rida honom s\u00e5 t\u00e4nkte jag att n\u00e4, det d\u00e4r ser alldeles f\u00f6r sv\u00e5rt ut. Sedan var det min tur. Jag var nerv\u00f6s som aldrig f\u00f6rr. Men hoppade i vilket fall upp. Tjejens tr\u00e4nare var med och av henne fick jag lite hj\u00e4lp. N\u00e4r jag f\u00f6rst skrittade Zorino s\u00e5 k\u00e4nde jag nej, detta \u00e4r INTE h\u00e4sten f\u00f6r mig. Men jag t\u00e4nkte att jag m\u00e5ste ju i alla fall prova trava och galopper n\u00e4r jag nu \u00e4nd\u00e5 \u00e4r h\u00e4r. Dock tog det emot lite. S\u00e5 b\u00f6rjar jag trava och&nbsp;n\u00e5r sjunde himlen &#8230; s\u00e5\u00e5 h\u00e4rlig trav. Sen galopperar jag och n\u00e5r \u00e4nnu h\u00f6gre h\u00f6jder &#8211; vilken galopp \ud83d\ude42<\/span><\/p>\n<p><span style=\"font-family: &quot;Helvetica Neue&quot;, Arial, Helvetica, sans-serif;\">Resten \u00e4r historia \ud83d\ude42<\/span><\/p>\n<p><span style=\"font-family: &quot;Helvetica Neue&quot;, Arial, Helvetica, sans-serif;\">S\u00e5 kan det g\u00e5 *hihi*.<\/span><\/p>\n","protected":false},"excerpt":{"rendered":"<p>> Jag har t\u00e4nkt och t\u00e4nkt och t\u00e4nkt p\u00e5 ett speciellt \u00f6gonblick men haft lite sv\u00e5rt att v\u00e4lja ett. Men s\u00e5 t\u00e4nkte jag &#8211; det \u00e4r ju \u00e4nd\u00e5 en h\u00e4stblogg s\u00e5 vad passar b\u00e4ttre \u00e4n ett h\u00e4st-minne: Dagen d\u00e5 jag &hellip; <a href=\"http:\/\/pernillaodlund.se\/?p=602\">L\u00e4s mer <span class=\"meta-nav\">&rarr;<\/span><\/a><\/p>\n","protected":false},"author":1,"featured_media":0,"comment_status":"open","ping_status":"open","sticky":false,"template":"","format":"standard","meta":{"om_disable_all_campaigns":false,"_monsterinsights_skip_tracking":false,"_monsterinsights_sitenote_active":false,"_monsterinsights_sitenote_note":"","_monsterinsights_sitenote_category":0,"footnotes":""},"categories":[1],"tags":[],"class_list":["post-602","post","type-post","status-publish","format-standard","hentry","category-uncategorized"],"aioseo_notices":[],"_links":{"self":[{"href":"http:\/\/pernillaodlund.se\/index.php?rest_route=\/wp\/v2\/posts\/602","targetHints":{"allow":["GET"]}}],"collection":[{"href":"http:\/\/pernillaodlund.se\/index.php?rest_route=\/wp\/v2\/posts"}],"about":[{"href":"http:\/\/pernillaodlund.se\/index.php?rest_route=\/wp\/v2\/types\/post"}],"author":[{"embeddable":true,"href":"http:\/\/pernillaodlund.se\/index.php?rest_route=\/wp\/v2\/users\/1"}],"replies":[{"embeddable":true,"href":"http:\/\/pernillaodlund.se\/index.php?rest_route=%2Fwp%2Fv2%2Fcomments&post=602"}],"version-history":[{"count":0,"href":"http:\/\/pernillaodlund.se\/index.php?rest_route=\/wp\/v2\/posts\/602\/revisions"}],"wp:attachment":[{"href":"http:\/\/pernillaodlund.se\/index.php?rest_route=%2Fwp%2Fv2%2Fmedia&parent=602"}],"wp:term":[{"taxonomy":"category","embeddable":true,"href":"http:\/\/pernillaodlund.se\/index.php?rest_route=%2Fwp%2Fv2%2Fcategories&post=602"},{"taxonomy":"post_tag","embeddable":true,"href":"http:\/\/pernillaodlund.se\/index.php?rest_route=%2Fwp%2Fv2%2Ftags&post=602"}],"curies":[{"name":"wp","href":"https:\/\/api.w.org\/{rel}","templated":true}]}}