{"id":608,"date":"2010-11-22T13:54:00","date_gmt":"2010-11-22T12:54:00","guid":{"rendered":"http:\/\/pernillaodlund.se\/?p=608"},"modified":"2010-11-22T13:54:00","modified_gmt":"2010-11-22T12:54:00","slug":"kiropraktorbesok","status":"publish","type":"post","link":"http:\/\/pernillaodlund.se\/?p=608","title":{"rendered":">Kiropraktorbes\u00f6k"},"content":{"rendered":"<p>><\/p>\n<div style=\"border-bottom: medium none; border-left: medium none; border-right: medium none; border-top: medium none;\"><a href=\"http:\/\/1.bp.blogspot.com\/_1lpcQBoi3rU\/TOpn32DXUuI\/AAAAAAAABzQ\/hT6aXBnYWkQ\/s1600\/cuba_knopp.jpg\" imageanchor=\"1\" style=\"clear: left; cssfloat: left; float: left; margin-bottom: 1em; margin-right: 1em;\"><img loading=\"lazy\" decoding=\"async\" border=\"0\" height=\"320\" ox=\"true\" src=\"http:\/\/1.bp.blogspot.com\/_1lpcQBoi3rU\/TOpn32DXUuI\/AAAAAAAABzQ\/hT6aXBnYWkQ\/s320\/cuba_knopp.jpg\" width=\"169\" \/><\/a><span style=\"font-family: &quot;Helvetica Neue&quot;, Arial, Helvetica, sans-serif;\">F\u00f6r en m\u00e5nad sedan var Cuba hos kiropraktorn och d\u00e5 tyckte kiropraktorn att Cuba var enormt stel i ryggen och lite i halsen\/nacken. Jag fick order om att h\u00e5lla henne varm, vi fick bara skritta barbacka i en vecka efter\u00e5t och hon trodde att Cuba ev. beh\u00f6vde en ny sadel.<\/span><\/div>\n<p><span style=\"font-family: &quot;Helvetica Neue&quot;, Arial, Helvetica, sans-serif;\">Idag &#8211; endast en m\u00e5nad senare &#8211; var det tid f\u00f6r \u00e5terbes\u00f6k. Kiropraktorn trodde jag hade plockat fram en annan ponny. S\u00e5 stor skillnad var det.<\/span><\/p>\n<div style=\"border-bottom: medium none; border-left: medium none; border-right: medium none; border-top: medium none;\"><span style=\"font-family: &quot;Helvetica Neue&quot;, Arial, Helvetica, sans-serif;\">Vi kom gemensamt fram till att den st\u00f6rsta orsaken till det \u00e4r att jag inte rider med bett. <\/span><\/p>\n<p><span style=\"font-family: &quot;Helvetica Neue&quot;, Arial, Helvetica, sans-serif;\">Antagligen \u00e4r det s\u00e5 obehagligt f\u00f6r henne med bett att hon sp\u00e4nner sig i b\u00e5de nacke\/hals och ryggen.<\/span><\/div>\n<div style=\"border-bottom: medium none; border-left: medium none; border-right: medium none; border-top: medium none;\"><span style=\"font-family: &quot;Helvetica Neue&quot;, Arial, Helvetica, sans-serif;\">K\u00e4nns s\u00e5 himla sk\u00f6nt \ud83d\ude00 att hon \u00e4r bra igen och att jag gick p\u00e5 magk\u00e4nslan som sa att det var i munnen felet satt. Nu m\u00e5ste jag bara fixa en tandl\u00e4kare som kollar henne.<\/span><\/div>\n<div style=\"border-bottom: medium none; border-left: medium none; border-right: medium none; border-top: medium none;\"><span style=\"font-family: &quot;Helvetica Neue&quot;, Arial, Helvetica, sans-serif;\">Nido fick ocks\u00e5 en behandlig men hos honom fanns inget konstigt &#8211; bara lite sm\u00e5saker som \u00e4r vanliga hos unga h\u00e4star.<\/span><\/div>\n","protected":false},"excerpt":{"rendered":"<p>> F\u00f6r en m\u00e5nad sedan var Cuba hos kiropraktorn och d\u00e5 tyckte kiropraktorn att Cuba var enormt stel i ryggen och lite i halsen\/nacken. Jag fick order om att h\u00e5lla henne varm, vi fick bara skritta barbacka i en vecka &hellip; <a href=\"http:\/\/pernillaodlund.se\/?p=608\">L\u00e4s mer <span class=\"meta-nav\">&rarr;<\/span><\/a><\/p>\n","protected":false},"author":1,"featured_media":0,"comment_status":"open","ping_status":"open","sticky":false,"template":"","format":"standard","meta":{"om_disable_all_campaigns":false,"_monsterinsights_skip_tracking":false,"_monsterinsights_sitenote_active":false,"_monsterinsights_sitenote_note":"","_monsterinsights_sitenote_category":0,"footnotes":""},"categories":[1],"tags":[],"class_list":["post-608","post","type-post","status-publish","format-standard","hentry","category-uncategorized"],"aioseo_notices":[],"_links":{"self":[{"href":"http:\/\/pernillaodlund.se\/index.php?rest_route=\/wp\/v2\/posts\/608","targetHints":{"allow":["GET"]}}],"collection":[{"href":"http:\/\/pernillaodlund.se\/index.php?rest_route=\/wp\/v2\/posts"}],"about":[{"href":"http:\/\/pernillaodlund.se\/index.php?rest_route=\/wp\/v2\/types\/post"}],"author":[{"embeddable":true,"href":"http:\/\/pernillaodlund.se\/index.php?rest_route=\/wp\/v2\/users\/1"}],"replies":[{"embeddable":true,"href":"http:\/\/pernillaodlund.se\/index.php?rest_route=%2Fwp%2Fv2%2Fcomments&post=608"}],"version-history":[{"count":0,"href":"http:\/\/pernillaodlund.se\/index.php?rest_route=\/wp\/v2\/posts\/608\/revisions"}],"wp:attachment":[{"href":"http:\/\/pernillaodlund.se\/index.php?rest_route=%2Fwp%2Fv2%2Fmedia&parent=608"}],"wp:term":[{"taxonomy":"category","embeddable":true,"href":"http:\/\/pernillaodlund.se\/index.php?rest_route=%2Fwp%2Fv2%2Fcategories&post=608"},{"taxonomy":"post_tag","embeddable":true,"href":"http:\/\/pernillaodlund.se\/index.php?rest_route=%2Fwp%2Fv2%2Ftags&post=608"}],"curies":[{"name":"wp","href":"https:\/\/api.w.org\/{rel}","templated":true}]}}