{"id":615,"date":"2010-11-25T11:32:00","date_gmt":"2010-11-25T10:32:00","guid":{"rendered":"http:\/\/pernillaodlund.se\/?p=615"},"modified":"2010-11-25T11:32:00","modified_gmt":"2010-11-25T10:32:00","slug":"vadret","status":"publish","type":"post","link":"http:\/\/pernillaodlund.se\/?p=615","title":{"rendered":">V\u00e4dret"},"content":{"rendered":"<p>><span style=\"font-family: &quot;Helvetica Neue&quot;, Arial, Helvetica, sans-serif;\">Fattar inte vad det \u00e4r med v\u00e4dret :S Det \u00e4r bara november \u00e4n &#8230; undrar om v\u00e4dergudarna har missuppfattat saker och ting h\u00e4r nere p\u00e5 jorden. Det ska INTE vara minus hundra miljoner grader i slutet av november, det \u00e4r inte kul alls. Och inte ska det finnas s\u00e5 h\u00e4r mycket sn\u00f6 heller. INTE ok!<\/span><\/p>\n<p><span style=\"font-family: &quot;Helvetica Neue&quot;, Arial, Helvetica, sans-serif;\">En sak tror jag&nbsp;i alla fall &#8211; det l\u00e4r bli m\u00e5nga t\u00e4ckes-k\u00f6p p\u00e5 Globen-m\u00e4ssan i helgen. Alla m\u00e4nniskor som trodde det var ett tag kvar till istiden. Fast det kanske bara \u00e4r jag som \u00e4r d\u00e5ligt f\u00f6rberedd.<\/span><\/p>\n<div style=\"border-bottom: medium none; border-left: medium none; border-right: medium none; border-top: medium none;\"><a href=\"http:\/\/2.bp.blogspot.com\/_1lpcQBoi3rU\/TO47EeZU82I\/AAAAAAAABzw\/rM6c0zWyaEI\/s1600\/cuba2.jpg\" imageanchor=\"1\" style=\"clear: left; cssfloat: left; float: left; margin-bottom: 1em; margin-right: 1em;\"><img loading=\"lazy\" decoding=\"async\" border=\"0\" height=\"200\" ox=\"true\" src=\"http:\/\/2.bp.blogspot.com\/_1lpcQBoi3rU\/TO47EeZU82I\/AAAAAAAABzw\/rM6c0zWyaEI\/s200\/cuba2.jpg\" width=\"133\" \/><\/a><span style=\"font-family: &quot;Helvetica Neue&quot;, Arial, Helvetica, sans-serif;\">Ig\u00e5r fortsatte jag att klicka in Cuba p\u00e5 ljudet, att det efterf\u00f6ljs av godis. Hon var superduktig och jag tror hon fattar men jag hade lite d\u00e5lig tajming f\u00f6r hon blev lite distraherad av att hennes mat l\u00e5g i boxen &#8211; jag st\u00f6rde helt enkelt n\u00e4r hon \u00e5t. Men det gjorde inte s\u00e5 mycket, st\u00f6rre delen av tiden s\u00e5 hade hon fokus p\u00e5&nbsp; mig. Jag t\u00e4nkte att OM hon verkar fatta idag ocks\u00e5 s\u00e5 ska jag f\u00f6rs\u00f6ka f\u00e5 henne att ta godiset ur min hand n\u00e4ra marken. Som en inledning p\u00e5 att l\u00e4ra henne s\u00e4nka huvudet.<\/span><\/div>\n<div style=\"border-bottom: medium none; border-left: medium none; border-right: medium none; border-top: medium none;\"><span style=\"font-family: &quot;Helvetica Neue&quot;, Arial, Helvetica, sans-serif;\">I natt l\u00e5g jag och funderade ut roliga saker att l\u00e4ra henne \ud83d\ude00<\/span><\/div>\n","protected":false},"excerpt":{"rendered":"<p>>Fattar inte vad det \u00e4r med v\u00e4dret :S Det \u00e4r bara november \u00e4n &#8230; undrar om v\u00e4dergudarna har missuppfattat saker och ting h\u00e4r nere p\u00e5 jorden. Det ska INTE vara minus hundra miljoner grader i slutet av november, det \u00e4r &hellip; <a href=\"http:\/\/pernillaodlund.se\/?p=615\">L\u00e4s mer <span class=\"meta-nav\">&rarr;<\/span><\/a><\/p>\n","protected":false},"author":1,"featured_media":0,"comment_status":"open","ping_status":"open","sticky":false,"template":"","format":"standard","meta":{"om_disable_all_campaigns":false,"_monsterinsights_skip_tracking":false,"_monsterinsights_sitenote_active":false,"_monsterinsights_sitenote_note":"","_monsterinsights_sitenote_category":0,"footnotes":""},"categories":[1],"tags":[],"class_list":["post-615","post","type-post","status-publish","format-standard","hentry","category-uncategorized"],"aioseo_notices":[],"_links":{"self":[{"href":"http:\/\/pernillaodlund.se\/index.php?rest_route=\/wp\/v2\/posts\/615","targetHints":{"allow":["GET"]}}],"collection":[{"href":"http:\/\/pernillaodlund.se\/index.php?rest_route=\/wp\/v2\/posts"}],"about":[{"href":"http:\/\/pernillaodlund.se\/index.php?rest_route=\/wp\/v2\/types\/post"}],"author":[{"embeddable":true,"href":"http:\/\/pernillaodlund.se\/index.php?rest_route=\/wp\/v2\/users\/1"}],"replies":[{"embeddable":true,"href":"http:\/\/pernillaodlund.se\/index.php?rest_route=%2Fwp%2Fv2%2Fcomments&post=615"}],"version-history":[{"count":0,"href":"http:\/\/pernillaodlund.se\/index.php?rest_route=\/wp\/v2\/posts\/615\/revisions"}],"wp:attachment":[{"href":"http:\/\/pernillaodlund.se\/index.php?rest_route=%2Fwp%2Fv2%2Fmedia&parent=615"}],"wp:term":[{"taxonomy":"category","embeddable":true,"href":"http:\/\/pernillaodlund.se\/index.php?rest_route=%2Fwp%2Fv2%2Fcategories&post=615"},{"taxonomy":"post_tag","embeddable":true,"href":"http:\/\/pernillaodlund.se\/index.php?rest_route=%2Fwp%2Fv2%2Ftags&post=615"}],"curies":[{"name":"wp","href":"https:\/\/api.w.org\/{rel}","templated":true}]}}