{"id":618,"date":"2010-11-30T11:58:00","date_gmt":"2010-11-30T10:58:00","guid":{"rendered":"http:\/\/pernillaodlund.se\/?p=618"},"modified":"2010-11-30T11:58:00","modified_gmt":"2010-11-30T10:58:00","slug":"ge-och-ta-utnyttja-och-bli-utnyttjad","status":"publish","type":"post","link":"http:\/\/pernillaodlund.se\/?p=618","title":{"rendered":">Ge och ta &#8211; utnyttja och bli utnyttjad"},"content":{"rendered":"<p>><span style=\"font-family: &quot;Helvetica Neue&quot;, Arial, Helvetica, sans-serif;\">Jag har b\u00f6rjat fundera en del omkring att ge och ta. Lite tankar v\u00e4cktes av <\/span><a href=\"http:\/\/ponnyflickornasblogg.bloggagratis.se\/2010\/11\/27\/4033815-att-ge-och-ta\/\"><span style=\"font-family: &quot;Helvetica Neue&quot;, Arial, Helvetica, sans-serif;\">ett inl\u00e4gg hos Ponnyflickornas<\/span><\/a><span style=\"font-family: &quot;Helvetica Neue&quot;, Arial, Helvetica, sans-serif;\"> Blogg men \u00e4ven av h\u00e4ndelser som utspelat sig runt i kring mitt liv under de senaste m\u00e5naderna.<\/span><\/p>\n<p><span style=\"font-family: &quot;Helvetica Neue&quot;, Arial, Helvetica, sans-serif;\">Ponnyflickornas Blogg skriver att det mesta i livet \u00e4r ett v\u00e4xelspel mellan att ge och ta. Ja &#8230; eller det borde vara det. Det borde vara sj\u00e4lvklart f\u00f6r ALLA att det \u00e4r s\u00e5 det fungerar &#8211; ibland f\u00e5r man och ibland tar man. Det borde ocks\u00e5 vara en sj\u00e4lvklarhet att inte bara TA.<\/span><\/p>\n<p><span style=\"font-family: Arial;\">Hon pratar ocks\u00e5 om att det kan vara sv\u00e5rt att be om hj\u00e4lp eller att ta emot g\u00e5vor. Att det \u00e4r generande. Jag h\u00e5ller med &#8211; jag har enormt sv\u00e5rt f\u00f6r att be om hj\u00e4lp. Och p\u00e5 senare tid har jag funderat v\u00e4ldigt mycket p\u00e5 VARF\u00d6R jag har det. Om det \u00e4r en fixering att jag ska klara mig sj\u00e4lv eller om det \u00e4r risken att f\u00e5 nej som \u00e4r den jobbiga biten. Jag vet faktiskt inte. <\/span><\/p>\n<p><span style=\"font-family: Arial;\">Jag blev &#8221;sjuk&#8221; n\u00e4r Emma var liten &#8211; fick en depression efter f\u00f6rlossningen. D\u00c5 ber\u00e4ttade jag inte det f\u00f6r n\u00e5gon. Min man och min b\u00e4sta v\u00e4n m\u00e4rkte det &#8211; inte s\u00e5 att dom satte ord p\u00e5 det men dom st\u00f6ttade och hj\u00e4lpte mig genom. Speciellt min b\u00e4sta v\u00e4n &#8211; som alltid ringde och s\u00e5g till att vi tr\u00e4ffades fast\u00e4n jag aldrig n\u00e5gonsin ringde tillbaka. <\/span><br \/><span style=\"font-family: Arial;\">Jag KUNDE INTE be om hj\u00e4lp &#8211; det gick bara inte, jag kunde inte erk\u00e4nna att jag m\u00e5dde s\u00e5 d\u00e5ligt och det som till slut h\u00e4nde var ju att allt gick ut i kroppen. Jag fick diagnosen fibromyalgi &#8211; vilket var en feldiagnos eftersom det egentligen handlade om en depression. S\u00e5 h\u00e4r \u00e4r det fortfarande &#8211; m\u00e5r jag d\u00e5ligt \u00f6ver n\u00e5got (allts\u00e5 riktigt d\u00e5ligt) s\u00e5 g\u00e5r det ut i kroppen p\u00e5 n\u00e5got vis. \u00c4r det riktigt illa f\u00e5r jag akut ont i varenda muskel. Jag kan ocks\u00e5 f\u00e5 muns\u00e5r eller s\u00e5klart magkatarr.<\/span><\/p>\n<p><span style=\"font-family: Arial;\">Jag har ocks\u00e5 enormt sv\u00e5rt f\u00f6r att k\u00e4nna mig utanf\u00f6r &#8211; att bli l\u00e4mnad p\u00e5 utsidan \u00e4r n\u00e4stan traumatisk f\u00f6r mig. I vissa grupper kan jag bli helt tyst bara f\u00f6r att jag vet att jag kommer bli avbruten n\u00e4r jag pratar och det \u00e4r ocks\u00e5 n\u00e5got jag tycker \u00e4r j\u00e4ttejobbigt &#8211; d\u00e5 \u00e4r jag hellre tyst. Och ni som k\u00e4nner mig v\u00e4l vet jag att jag g\u00e4rna pratar.<\/span><\/p>\n<p><span style=\"font-family: Arial;\">Ja j\u00f6sses &#8211; detta blev deprimerande men vad jag egentligen funderade p\u00e5 \u00e4r \u00f6ver hur vissa m\u00e4nniskor utnyttjar andras &#8221;sn\u00e4llhet&#8221;. Jag har sv\u00e5rt att f\u00f6rst\u00e5 det. <\/span><\/p>\n","protected":false},"excerpt":{"rendered":"<p>>Jag har b\u00f6rjat fundera en del omkring att ge och ta. Lite tankar v\u00e4cktes av ett inl\u00e4gg hos Ponnyflickornas Blogg men \u00e4ven av h\u00e4ndelser som utspelat sig runt i kring mitt liv under de senaste m\u00e5naderna. Ponnyflickornas Blogg skriver att &hellip; <a href=\"http:\/\/pernillaodlund.se\/?p=618\">L\u00e4s mer <span class=\"meta-nav\">&rarr;<\/span><\/a><\/p>\n","protected":false},"author":1,"featured_media":0,"comment_status":"open","ping_status":"open","sticky":false,"template":"","format":"standard","meta":{"om_disable_all_campaigns":false,"_monsterinsights_skip_tracking":false,"_monsterinsights_sitenote_active":false,"_monsterinsights_sitenote_note":"","_monsterinsights_sitenote_category":0,"footnotes":""},"categories":[1],"tags":[],"class_list":["post-618","post","type-post","status-publish","format-standard","hentry","category-uncategorized"],"aioseo_notices":[],"_links":{"self":[{"href":"http:\/\/pernillaodlund.se\/index.php?rest_route=\/wp\/v2\/posts\/618","targetHints":{"allow":["GET"]}}],"collection":[{"href":"http:\/\/pernillaodlund.se\/index.php?rest_route=\/wp\/v2\/posts"}],"about":[{"href":"http:\/\/pernillaodlund.se\/index.php?rest_route=\/wp\/v2\/types\/post"}],"author":[{"embeddable":true,"href":"http:\/\/pernillaodlund.se\/index.php?rest_route=\/wp\/v2\/users\/1"}],"replies":[{"embeddable":true,"href":"http:\/\/pernillaodlund.se\/index.php?rest_route=%2Fwp%2Fv2%2Fcomments&post=618"}],"version-history":[{"count":0,"href":"http:\/\/pernillaodlund.se\/index.php?rest_route=\/wp\/v2\/posts\/618\/revisions"}],"wp:attachment":[{"href":"http:\/\/pernillaodlund.se\/index.php?rest_route=%2Fwp%2Fv2%2Fmedia&parent=618"}],"wp:term":[{"taxonomy":"category","embeddable":true,"href":"http:\/\/pernillaodlund.se\/index.php?rest_route=%2Fwp%2Fv2%2Fcategories&post=618"},{"taxonomy":"post_tag","embeddable":true,"href":"http:\/\/pernillaodlund.se\/index.php?rest_route=%2Fwp%2Fv2%2Ftags&post=618"}],"curies":[{"name":"wp","href":"https:\/\/api.w.org\/{rel}","templated":true}]}}