{"id":621,"date":"2010-12-02T13:41:00","date_gmt":"2010-12-02T12:41:00","guid":{"rendered":"http:\/\/pernillaodlund.se\/?p=621"},"modified":"2010-12-02T13:41:00","modified_gmt":"2010-12-02T12:41:00","slug":"dag-14-vad-hade-jag-pa-mig-idag","status":"publish","type":"post","link":"http:\/\/pernillaodlund.se\/?p=621","title":{"rendered":">Dag 14 &#8211; Vad hade jag p\u00e5 mig idag"},"content":{"rendered":"<p>><span style=\"font-family: &quot;Helvetica Neue&quot;, Arial, Helvetica, sans-serif;\">Nu \u00e5teruppst\u00e5r denna lilla roliga grej &#8211; och idag ska ni f\u00e5 veta vad jag har p\u00e5 mig. Kul va \ud83d\ude09<\/span><\/p>\n<p><span style=\"font-family: &quot;Helvetica Neue&quot;, Arial, Helvetica, sans-serif;\">Faktum \u00e4r att eftersom vi har sjukstuga h\u00e4r hemma s\u00e5 \u00e4r det fortfarande pyjamasen som sitter p\u00e5 &#8230; hehe<\/span><br \/><span style=\"font-family: &quot;Helvetica Neue&quot;, Arial, Helvetica, sans-serif;\">och klockan \u00e4r halv tv\u00e5.<\/span><\/p>\n<p><span style=\"font-family: &quot;Helvetica Neue&quot;, Arial, Helvetica, sans-serif;\">Fast &#8211; jag har varit iv\u00e4g en sv\u00e4ng till aff\u00e4ren och d\u00e5 satte jag p\u00e5 mig skidbyxorna och skidjackan ovanp\u00e5 pyjamasen eftersom det \u00e4r minus 10 grader h\u00e4r hemma.<\/span><br \/><span style=\"font-family: &quot;Helvetica Neue&quot;, Arial, Helvetica, sans-serif;\">Snart ska jag s\u00e4tta p\u00e5 mig underst\u00e4llet, mellanst\u00e4llet och sedan termobyxorna (dom som jag har i stallet) och min tjock-fleece f\u00f6r att sedan \u00e5ka till stallet och f\u00f6rs\u00f6ka mig p\u00e5 konststycket att tina upp min frysna transport. Dock inte hela transporten utan bara ta bort den frusna torven i g\u00e5ngj\u00e4rnen p\u00e5 l\u00e4mmen eftersom den inte g\u00e5r att st\u00e4nga \ud83d\ude41<\/span><\/p>\n","protected":false},"excerpt":{"rendered":"<p>>Nu \u00e5teruppst\u00e5r denna lilla roliga grej &#8211; och idag ska ni f\u00e5 veta vad jag har p\u00e5 mig. Kul va \ud83d\ude09 Faktum \u00e4r att eftersom vi har sjukstuga h\u00e4r hemma s\u00e5 \u00e4r det fortfarande pyjamasen som sitter p\u00e5 &#8230; heheoch &hellip; <a href=\"http:\/\/pernillaodlund.se\/?p=621\">L\u00e4s mer <span class=\"meta-nav\">&rarr;<\/span><\/a><\/p>\n","protected":false},"author":1,"featured_media":0,"comment_status":"open","ping_status":"open","sticky":false,"template":"","format":"standard","meta":{"om_disable_all_campaigns":false,"_monsterinsights_skip_tracking":false,"_monsterinsights_sitenote_active":false,"_monsterinsights_sitenote_note":"","_monsterinsights_sitenote_category":0,"footnotes":""},"categories":[1],"tags":[],"class_list":["post-621","post","type-post","status-publish","format-standard","hentry","category-uncategorized"],"aioseo_notices":[],"_links":{"self":[{"href":"http:\/\/pernillaodlund.se\/index.php?rest_route=\/wp\/v2\/posts\/621","targetHints":{"allow":["GET"]}}],"collection":[{"href":"http:\/\/pernillaodlund.se\/index.php?rest_route=\/wp\/v2\/posts"}],"about":[{"href":"http:\/\/pernillaodlund.se\/index.php?rest_route=\/wp\/v2\/types\/post"}],"author":[{"embeddable":true,"href":"http:\/\/pernillaodlund.se\/index.php?rest_route=\/wp\/v2\/users\/1"}],"replies":[{"embeddable":true,"href":"http:\/\/pernillaodlund.se\/index.php?rest_route=%2Fwp%2Fv2%2Fcomments&post=621"}],"version-history":[{"count":0,"href":"http:\/\/pernillaodlund.se\/index.php?rest_route=\/wp\/v2\/posts\/621\/revisions"}],"wp:attachment":[{"href":"http:\/\/pernillaodlund.se\/index.php?rest_route=%2Fwp%2Fv2%2Fmedia&parent=621"}],"wp:term":[{"taxonomy":"category","embeddable":true,"href":"http:\/\/pernillaodlund.se\/index.php?rest_route=%2Fwp%2Fv2%2Fcategories&post=621"},{"taxonomy":"post_tag","embeddable":true,"href":"http:\/\/pernillaodlund.se\/index.php?rest_route=%2Fwp%2Fv2%2Ftags&post=621"}],"curies":[{"name":"wp","href":"https:\/\/api.w.org\/{rel}","templated":true}]}}