{"id":622,"date":"2010-12-02T22:38:00","date_gmt":"2010-12-02T21:38:00","guid":{"rendered":"http:\/\/pernillaodlund.se\/?p=622"},"modified":"2010-12-02T22:38:00","modified_gmt":"2010-12-02T21:38:00","slug":"1000-ar-senare","status":"publish","type":"post","link":"http:\/\/pernillaodlund.se\/?p=622","title":{"rendered":">1000 \u00e5r senare"},"content":{"rendered":"<p>><span style=\"font-family: &quot;Helvetica Neue&quot;, Arial, Helvetica, sans-serif;\">var den frusna torven ett minne blott &#8230; inte bara tusen \u00e5r senare utan ocks\u00e5 ett j\u00e4vla massa hackande senare. Fyyy! Jag l\u00e5nade en v\u00e4rmepistol och v\u00e4rmde och hackade&nbsp;bort men det var jobbigt.<\/span><br \/><span style=\"font-family: &quot;Helvetica Neue&quot;, Arial, Helvetica, sans-serif;\">Tips till alla som har en transport, l\u00e5nare\/hyr en transport, \u00e5ker i en transport &#8211; TA BORT TORV\/BAJS-RESTER P\u00c5 ENG\u00c5NG N\u00c4R DET \u00c4R MINUSGRADER UTE.<\/span><\/p>\n<p><span style=\"font-family: &quot;Helvetica Neue&quot;, Arial, Helvetica, sans-serif;\">Ett alternativ f\u00f6r min del hade ju i och f\u00f6r sig varit att v\u00e4nta tills i maj n\u00e4r det b\u00f6rjar bli plusgrader igen &#8230; men n\u00e4, trist tycker jag.<\/span><br \/><span style=\"font-family: Arial;\">Och nej d\u00e5 jag \u00e4r inte alls bitter och arg, nejd\u00e5 &#8230;.<\/span><\/p>\n<p><span style=\"font-family: Arial;\">I dag red jag och Emma en liten stund ute p\u00e5 stora volten &#8211; j\u00e4ttemysigt i all sn\u00f6. Mjukt och h\u00e4rligt \ud83d\ude42 &#8211; trots att ingen av h\u00e4starna har vare sig sn\u00f6sulor eller broddar s\u00e5 gick det alldeles utm\u00e4rkt. <\/span><\/p>\n<p><span style=\"font-family: Arial;\">Eftersom k\u00e4ra maken \u00e4r p\u00e5 \u00e4ventyr p\u00e5 andra sidan Sverige s\u00e5 huserar jag sj\u00e4lv h\u00e4r hemma med barnen. Vi har sjukstuga s\u00e5 det \u00e4r s\u00e5 skojigt s\u00e5. Sonen hostar snart lungorna ur kroppen, hans syster kommer inte s\u00e5 l\u00e5ngt efter och jag finns n\u00e5gonstans mittemellan. Hostmedicinen h\u00e5ller p\u00e5 att ta slut f\u00f6r det slurkas p\u00e5 b\u00e5de till h\u00f6ger och v\u00e4nster. <\/span><br \/><span style=\"font-family: Arial;\">Hoppas nu bara mannen inte tog med sig&nbsp;host-el\u00e4ndet till bror-snor och b\u00e4sta sv\u00e4gerskan.<\/span><\/p>\n<p><span style=\"font-family: Arial;\">F\u00f6r ett par veckor sedan fick E m\u00f6jligheten att b\u00f6rja rida i en grupp med tjejer som hon red med n\u00e4r hon b\u00f6rjade rida en g\u00e5ng i tidernas begynnelse. Det \u00e4r p\u00e5 en ridskola h\u00e4r i n\u00e4rheten. Dit har vi \u00e5kt n\u00e5gra g\u00e5nger nu och det \u00e4r j\u00e4tteskojigt. Ig\u00e5r hoppade E och Nido 110cm! DET tycker jag \u00e4r h\u00f6gt. I vilket fall s\u00e5 pratade jag lite med tr\u00e4naren efter\u00e5t. Hon vet att v\u00e5rt m\u00e5l f\u00f6r n\u00e4sta \u00e5r \u00e4r att kvala in Nido till SvRF t\u00e4vling f\u00f6r 6-\u00e5ringar. Kvalen g\u00e5r i LA-h\u00f6jd &#8211; dvs 1m. Tr\u00e4naren tyckte vi skulle k\u00f6ra p\u00e5 &#8211; hon tror det kommer g\u00e5 v\u00e4gen. Kvalen b\u00f6rjar i mars och avslutas i september. Man ska klara tre felfria LA rundor p\u00e5 regional klass i avd B eller A. Finalen rids ocks\u00e5 p\u00e5 1m och g\u00e5r i tre omg\u00e5ngar i samband med inomhus SM. Det \u00e4r bara aktuellt med omhoppning om n\u00e5gra ryttare har exakt samma antal fel n\u00e4r alla rundor \u00e4r ihopr\u00e4knade. <\/span><\/p>\n<p><span style=\"font-family: Arial;\">S\u00e5 h\u00e4romdagen donade jag med licenser f\u00f6r b\u00e5de ponny och ryttare. Ponnylicens \u00e4r dyrt men \u00e4r i alla fall bara en eng\u00e5ngskostnad &#8211; licensen f\u00f6ljer ju sedan ponnyn resten av dess liv. Ryttarlicensen \u00e4r ju ocks\u00e5 dyr &#8211; speciellt p\u00e5 niv\u00e5 \u00f6ver lokal. Jag k\u00e4nner mig tvungen att skaffa ponnylicens till Cuba ocks\u00e5 &#8211; skulle ju vara kul om \u00e4ven hon f\u00e5r f\u00f6lja med p\u00e5 lite t\u00e4vlingar. <\/span><br \/><span style=\"font-family: Arial;\">Jag har kommit fram till att det \u00e4r en j-la dyr hobby &#8211; att t\u00e4vla menar jag. Regionala t\u00e4vlingar l\u00e4r v\u00e4l ocks\u00e5 kosta mer i startavgift j\u00e4mf\u00f6rt med lokalt\u00e4vlingar. Det blir massa nya saker att l\u00e4ra sig. KUL \ud83d\ude00<\/span><\/p>\n","protected":false},"excerpt":{"rendered":"<p>>var den frusna torven ett minne blott &#8230; inte bara tusen \u00e5r senare utan ocks\u00e5 ett j\u00e4vla massa hackande senare. Fyyy! Jag l\u00e5nade en v\u00e4rmepistol och v\u00e4rmde och hackade&nbsp;bort men det var jobbigt.Tips till alla som har en transport, l\u00e5nare\/hyr &hellip; <a href=\"http:\/\/pernillaodlund.se\/?p=622\">L\u00e4s mer <span class=\"meta-nav\">&rarr;<\/span><\/a><\/p>\n","protected":false},"author":1,"featured_media":0,"comment_status":"open","ping_status":"open","sticky":false,"template":"","format":"standard","meta":{"om_disable_all_campaigns":false,"_monsterinsights_skip_tracking":false,"_monsterinsights_sitenote_active":false,"_monsterinsights_sitenote_note":"","_monsterinsights_sitenote_category":0,"footnotes":""},"categories":[1],"tags":[],"class_list":["post-622","post","type-post","status-publish","format-standard","hentry","category-uncategorized"],"aioseo_notices":[],"_links":{"self":[{"href":"http:\/\/pernillaodlund.se\/index.php?rest_route=\/wp\/v2\/posts\/622","targetHints":{"allow":["GET"]}}],"collection":[{"href":"http:\/\/pernillaodlund.se\/index.php?rest_route=\/wp\/v2\/posts"}],"about":[{"href":"http:\/\/pernillaodlund.se\/index.php?rest_route=\/wp\/v2\/types\/post"}],"author":[{"embeddable":true,"href":"http:\/\/pernillaodlund.se\/index.php?rest_route=\/wp\/v2\/users\/1"}],"replies":[{"embeddable":true,"href":"http:\/\/pernillaodlund.se\/index.php?rest_route=%2Fwp%2Fv2%2Fcomments&post=622"}],"version-history":[{"count":0,"href":"http:\/\/pernillaodlund.se\/index.php?rest_route=\/wp\/v2\/posts\/622\/revisions"}],"wp:attachment":[{"href":"http:\/\/pernillaodlund.se\/index.php?rest_route=%2Fwp%2Fv2%2Fmedia&parent=622"}],"wp:term":[{"taxonomy":"category","embeddable":true,"href":"http:\/\/pernillaodlund.se\/index.php?rest_route=%2Fwp%2Fv2%2Fcategories&post=622"},{"taxonomy":"post_tag","embeddable":true,"href":"http:\/\/pernillaodlund.se\/index.php?rest_route=%2Fwp%2Fv2%2Ftags&post=622"}],"curies":[{"name":"wp","href":"https:\/\/api.w.org\/{rel}","templated":true}]}}