{"id":639,"date":"2010-12-16T19:49:00","date_gmt":"2010-12-16T18:49:00","guid":{"rendered":"http:\/\/pernillaodlund.se\/?p=639"},"modified":"2010-12-16T19:49:00","modified_gmt":"2010-12-16T18:49:00","slug":"upp-som-en-sol-ner-som-en-pannkaka","status":"publish","type":"post","link":"http:\/\/pernillaodlund.se\/?p=639","title":{"rendered":">Upp som en sol ner som en pannkaka"},"content":{"rendered":"<p>><span style=\"font-family: &quot;Helvetica Neue&quot;, Arial, Helvetica, sans-serif;\">brukar en kompis till mig s\u00e4ga &#8230; bra uttryck s\u00e4ger jag<\/span><br \/><span style=\"font-family: &quot;Helvetica Neue&quot;, Arial, Helvetica, sans-serif;\">man kan ocks\u00e5 anv\u00e4nda sig av omv\u00e4nda<\/span><\/p>\n<p><span style=\"font-family: &quot;Helvetica Neue&quot;, Arial, Helvetica, sans-serif;\"><em>upp som en pannkaka ner som en sol<\/em><\/span><\/p>\n<p><span style=\"font-family: &quot;Helvetica Neue&quot;, Arial, Helvetica, sans-serif;\">vet inte riktigt dock&nbsp;vilket som kan vara b\u00e4st?<\/span><\/p>\n<p><span style=\"font-family: Arial;\">Saker och ting h\u00e4nder i alla fall och snart kan jag ber\u00e4tta mer om det h\u00e4r p\u00e5 bloggen &#8211; (nu blir Sofia arg).<\/span><\/p>\n<p><span style=\"font-family: Arial;\">Vad jag d\u00e4remot kan dela med mig av \u00e4r att ig\u00e5r var vi iv\u00e4g p\u00e5 tr\u00e4ning med b\u00e5da ponnysarna och det gick str\u00e5lande. Tjejerna trodde nog att dom skulle drutta av ig\u00e5r (innan tr\u00e4ningen b\u00f6rjade vill s\u00e4ga) men det gick s\u00e5 bra som aldrig f\u00f6rr \ud83d\ude42<\/span><\/p>\n<p><span style=\"font-family: Arial;\">Jag bjuder p\u00e5 en liten film &#8211; klipp fr\u00e5n g\u00e5rdagens tr\u00e4ning:<\/span><br \/><object height=\"344\" width=\"425\"><param name=\"movie\" value=\"http:\/\/www.youtube.com\/v\/YyHTOHeOtpw?hl=sv&#038;fs=1\"><\/param><param name=\"allowFullScreen\" value=\"true\"><\/param><param name=\"allowscriptaccess\" value=\"always\"><\/param><embed src=\"http:\/\/www.youtube.com\/v\/YyHTOHeOtpw?hl=sv&#038;fs=1\" type=\"application\/x-shockwave-flash\" allowscriptaccess=\"always\" allowfullscreen=\"true\" width=\"425\" height=\"344\"><\/embed><\/object><\/p>\n","protected":false},"excerpt":{"rendered":"<p>>brukar en kompis till mig s\u00e4ga &#8230; bra uttryck s\u00e4ger jagman kan ocks\u00e5 anv\u00e4nda sig av omv\u00e4nda upp som en pannkaka ner som en sol vet inte riktigt dock&nbsp;vilket som kan vara b\u00e4st? Saker och ting h\u00e4nder i alla fall &hellip; <a href=\"http:\/\/pernillaodlund.se\/?p=639\">L\u00e4s mer <span class=\"meta-nav\">&rarr;<\/span><\/a><\/p>\n","protected":false},"author":1,"featured_media":0,"comment_status":"open","ping_status":"open","sticky":false,"template":"","format":"standard","meta":{"om_disable_all_campaigns":false,"_monsterinsights_skip_tracking":false,"_monsterinsights_sitenote_active":false,"_monsterinsights_sitenote_note":"","_monsterinsights_sitenote_category":0,"footnotes":""},"categories":[1],"tags":[],"class_list":["post-639","post","type-post","status-publish","format-standard","hentry","category-uncategorized"],"aioseo_notices":[],"_links":{"self":[{"href":"http:\/\/pernillaodlund.se\/index.php?rest_route=\/wp\/v2\/posts\/639","targetHints":{"allow":["GET"]}}],"collection":[{"href":"http:\/\/pernillaodlund.se\/index.php?rest_route=\/wp\/v2\/posts"}],"about":[{"href":"http:\/\/pernillaodlund.se\/index.php?rest_route=\/wp\/v2\/types\/post"}],"author":[{"embeddable":true,"href":"http:\/\/pernillaodlund.se\/index.php?rest_route=\/wp\/v2\/users\/1"}],"replies":[{"embeddable":true,"href":"http:\/\/pernillaodlund.se\/index.php?rest_route=%2Fwp%2Fv2%2Fcomments&post=639"}],"version-history":[{"count":0,"href":"http:\/\/pernillaodlund.se\/index.php?rest_route=\/wp\/v2\/posts\/639\/revisions"}],"wp:attachment":[{"href":"http:\/\/pernillaodlund.se\/index.php?rest_route=%2Fwp%2Fv2%2Fmedia&parent=639"}],"wp:term":[{"taxonomy":"category","embeddable":true,"href":"http:\/\/pernillaodlund.se\/index.php?rest_route=%2Fwp%2Fv2%2Fcategories&post=639"},{"taxonomy":"post_tag","embeddable":true,"href":"http:\/\/pernillaodlund.se\/index.php?rest_route=%2Fwp%2Fv2%2Ftags&post=639"}],"curies":[{"name":"wp","href":"https:\/\/api.w.org\/{rel}","templated":true}]}}