{"id":643,"date":"2010-12-20T18:17:00","date_gmt":"2010-12-20T17:17:00","guid":{"rendered":"http:\/\/pernillaodlund.se\/?p=643"},"modified":"2010-12-20T18:17:00","modified_gmt":"2010-12-20T17:17:00","slug":"nu-ska-jag-beratta","status":"publish","type":"post","link":"http:\/\/pernillaodlund.se\/?p=643","title":{"rendered":">Nu ska jag ber\u00e4tta"},"content":{"rendered":"<p>><span style=\"font-family: &quot;Helvetica Neue&quot;, Arial, Helvetica, sans-serif;\">vad jag varit lite hemlighetsfull med p\u00e5 sistone h\u00e4r i bloggen<\/span><\/p>\n<p><span style=\"font-family: &quot;Helvetica Neue&quot;, Arial, Helvetica, sans-serif;\">stallet d\u00e4r jag har mina h\u00e4star ska l\u00e4ggas ner och vi m\u00e5ste alla hitta en ny plats att st\u00e5 p\u00e5. Det k\u00e4nns b\u00e5de jobbigt men \u00e4nd\u00e5 ocks\u00e5 samtidigt lite n\u00f6dv\u00e4ndigt. Jag har inte riktigt trivts p\u00e5 ett tag och inte E heller. Och framf\u00f6r allt inte h\u00e4starna. Att st\u00e5 inne p\u00e5 box i 18 timmar av dygnets 24 n\u00e4r man \u00e4r endast 5 \u00e5r \u00e4r inte p\u00e5 n\u00e5got vis bra. Jag har under ett tag f\u00f6rs\u00f6kt att hitta ett alternativ men allt faller p\u00e5 att man \u00e4nd\u00e5 inte kommer vara n\u00f6jd. Var man \u00e4n hamnar s\u00e5 finns d\u00e4r nackdelar som \u00e4nd\u00e5 inte f\u00f6rst\u00e5r\/inser n\u00e4r man flyttar dit. Man blir besviken. Jag vill ju ha min egen g\u00e5rd, inte harva runt p\u00e5 andras st\u00e4llen.<\/span><\/p>\n<p><span style=\"font-family: &quot;Helvetica Neue&quot;, Arial, Helvetica, sans-serif;\">Vad som d\u00e4remot \u00e4r en stor nackdel med att stallet l\u00e4ggs ner \u00e4r att vi har ett s\u00e5nt himla trevligt g\u00e4ng p\u00e5 stallet &#8211; m\u00e4nniskor som vi trivs s\u00e5 himla bra med. <\/span><br \/><span style=\"font-family: &quot;Helvetica Neue&quot;, Arial, Helvetica, sans-serif;\">Det finns n\u00e5gra som jag bara inte n\u00e5gonsin f\u00e5r tappa kontakten med &#8211; dels Sofia som ju k\u00f6pt min finaste lilla Suddis och dels Millis som \u00e4r min extradotter. S\u00e5klart inte heller B &#8211; men vi har ju \u00e5 andra sidan planer f\u00f6r framtiden -hihi-<\/span><br \/><span style=\"font-family: &quot;Helvetica Neue&quot;, Arial, Helvetica, sans-serif;\">Ut\u00f6ver dessa \u00e4r det m\u00e5nga fler som jag g\u00e4rna st\u00e5r p\u00e5 samma stall som och som jag kommer sakna j\u00e4ttemycket n\u00e4r den dagen kommer d\u00e5 vi skiljs \u00e5t.<\/span><\/p>\n<p><span style=\"font-family: &quot;Helvetica Neue&quot;, Arial, Helvetica, sans-serif;\">Idag har jag varit och tittat p\u00e5 ett st\u00e4lle som verkar vara bra &#8211; litet, bara 6 boxplatser allt som allt &#8211; men en gigantisk j\u00e4ttehage som s\u00e5g j\u00e4ttetrevlig ut. <\/span><br \/><span style=\"font-family: &quot;Helvetica Neue&quot;, Arial, Helvetica, sans-serif;\">F\u00f6rdelar: h\u00e4starna f\u00e5r g\u00e5 ute i ca 12 timmar per dygn, fri tillg\u00e5ng p\u00e5 h\u00f6silage i hagen, inga pass (om jag inte vill), r\u00e4tt s\u00e5 n\u00e4ra hemma. <\/span><br \/><span style=\"font-family: &quot;Helvetica Neue&quot;, Arial, Helvetica, sans-serif;\">Nackdelar: ingen plats f\u00f6r h\u00e4stens alla saker, inget varmt rum i stallet.<\/span><\/p>\n<p><span style=\"font-family: &quot;Helvetica Neue&quot;, Arial, Helvetica, sans-serif;\">I morgon ska jag till ett till. Det \u00e4r lite liknande d\u00e4r jag var idag &#8211; h\u00e4starna g\u00e5r ute l\u00e5nga dagar och har fri tillg\u00e5ng i hagen. Detta st\u00e4lle har uteboxar men tillg\u00e5ng till stall n\u00e4r man pysslar om h\u00e4sten. Vi f\u00e5r se hur det ser ut med plats f\u00f6r saker och om det finns ett uppv\u00e4rmt rum. <\/span><br \/><span style=\"font-family: &quot;Helvetica Neue&quot;, Arial, Helvetica, sans-serif;\">\u00c5terkommer med rapport \ud83d\ude42<\/span><\/p>\n","protected":false},"excerpt":{"rendered":"<p>>vad jag varit lite hemlighetsfull med p\u00e5 sistone h\u00e4r i bloggen stallet d\u00e4r jag har mina h\u00e4star ska l\u00e4ggas ner och vi m\u00e5ste alla hitta en ny plats att st\u00e5 p\u00e5. Det k\u00e4nns b\u00e5de jobbigt men \u00e4nd\u00e5 ocks\u00e5 samtidigt lite &hellip; <a href=\"http:\/\/pernillaodlund.se\/?p=643\">L\u00e4s mer <span class=\"meta-nav\">&rarr;<\/span><\/a><\/p>\n","protected":false},"author":1,"featured_media":0,"comment_status":"open","ping_status":"open","sticky":false,"template":"","format":"standard","meta":{"om_disable_all_campaigns":false,"_monsterinsights_skip_tracking":false,"_monsterinsights_sitenote_active":false,"_monsterinsights_sitenote_note":"","_monsterinsights_sitenote_category":0,"footnotes":""},"categories":[1],"tags":[],"class_list":["post-643","post","type-post","status-publish","format-standard","hentry","category-uncategorized"],"aioseo_notices":[],"_links":{"self":[{"href":"http:\/\/pernillaodlund.se\/index.php?rest_route=\/wp\/v2\/posts\/643","targetHints":{"allow":["GET"]}}],"collection":[{"href":"http:\/\/pernillaodlund.se\/index.php?rest_route=\/wp\/v2\/posts"}],"about":[{"href":"http:\/\/pernillaodlund.se\/index.php?rest_route=\/wp\/v2\/types\/post"}],"author":[{"embeddable":true,"href":"http:\/\/pernillaodlund.se\/index.php?rest_route=\/wp\/v2\/users\/1"}],"replies":[{"embeddable":true,"href":"http:\/\/pernillaodlund.se\/index.php?rest_route=%2Fwp%2Fv2%2Fcomments&post=643"}],"version-history":[{"count":0,"href":"http:\/\/pernillaodlund.se\/index.php?rest_route=\/wp\/v2\/posts\/643\/revisions"}],"wp:attachment":[{"href":"http:\/\/pernillaodlund.se\/index.php?rest_route=%2Fwp%2Fv2%2Fmedia&parent=643"}],"wp:term":[{"taxonomy":"category","embeddable":true,"href":"http:\/\/pernillaodlund.se\/index.php?rest_route=%2Fwp%2Fv2%2Fcategories&post=643"},{"taxonomy":"post_tag","embeddable":true,"href":"http:\/\/pernillaodlund.se\/index.php?rest_route=%2Fwp%2Fv2%2Ftags&post=643"}],"curies":[{"name":"wp","href":"https:\/\/api.w.org\/{rel}","templated":true}]}}