{"id":649,"date":"2010-12-26T20:25:00","date_gmt":"2010-12-26T19:25:00","guid":{"rendered":"http:\/\/pernillaodlund.se\/?p=649"},"modified":"2010-12-26T20:25:00","modified_gmt":"2010-12-26T19:25:00","slug":"over","status":"publish","type":"post","link":"http:\/\/pernillaodlund.se\/?p=649","title":{"rendered":">\u00d6ver"},"content":{"rendered":"<p>><span style=\"font-family: &quot;Helvetica Neue&quot;, Arial, Helvetica, sans-serif;\">S\u00e5 nu \u00e4r julen \u00f6ver och det \u00e4r dags att \u00e5terg\u00e5 till vardag igen &#8230; typ i alla fall. Jag vaknade med migr\u00e4n b\u00e5de torsdag, julafton och juldagen. VERKLIGEN inte kul. Jag konsumerad v\u00e4ldigt osunda m\u00e4ngder med b\u00e5de treo och migr\u00e4nmedicin f\u00f6r att f\u00f6rs\u00f6ka h\u00e5lla mig p\u00e5 benen n\u00e4r vi hade g\u00e4ster men det hj\u00e4lpte bara s\u00e5d\u00e4r \ud83d\ude41<\/span><br \/><span style=\"font-family: &quot;Helvetica Neue&quot;, Arial, Helvetica, sans-serif;\">Men vi hade \u00e4nd\u00e5 en v\u00e4ldigt trevlig julafton &#8211; \u00e4r s\u00e5 glad att alla systers\u00f6nerna (som n\u00e4stan \u00e4r som egna s\u00f6ner) kom med. Kanske inte s\u00e5 m\u00e5nga fler jular d\u00e5 alla \u00e4r samlade med tanke p\u00e5 att dom b\u00f6rjar bli r\u00e4tt stora nu.<\/span><br \/><span style=\"font-family: Arial;\">M\u00e5nga fina julisar hittade till nya hem \ud83d\ude42<\/span><\/p>\n<p><span style=\"font-family: Arial;\">Jakten p\u00e5 det &#8221;perfekta&#8221; stallet g\u00e5r vidare. S\u00e5klart l\u00e5g denna aktivitet p\u00e5 r\u00e4tt l\u00e5g niv\u00e5 p\u00e5 grund av b\u00e5de migr\u00e4n och julfirande. Men nu \u00e4r det h\u00f6g tid att forts\u00e4tta letandet. Verkligen INTE l\u00e4tt.<\/span><\/p>\n<p><span style=\"font-family: Arial;\">Idag hade vi aktivitet i stallet &#8211; det stod uteritt p\u00e5 schemat och vi var 7 st som red ut tillsammans och hade j\u00e4ttetrevligt. Tyv\u00e4rr var det j\u00e4ttekallt och jag fr\u00f6s en del p\u00e5 slutet men det var \u00e4nd\u00e5 mysigt.<\/span><\/p>\n<p><span style=\"font-family: Arial;\">I morgon har vi maskeradhoppning men jag har inte den ringaste id\u00e9 om vad jag ska kl\u00e4 ut mig till :S<\/span><\/p>\n<p><span style=\"font-family: Arial;\">Nu ska jag alldeles strax \u00e5ka iv\u00e4g och kv\u00e4llsfodra!<\/span><\/p>\n","protected":false},"excerpt":{"rendered":"<p>>S\u00e5 nu \u00e4r julen \u00f6ver och det \u00e4r dags att \u00e5terg\u00e5 till vardag igen &#8230; typ i alla fall. Jag vaknade med migr\u00e4n b\u00e5de torsdag, julafton och juldagen. VERKLIGEN inte kul. Jag konsumerad v\u00e4ldigt osunda m\u00e4ngder med b\u00e5de treo och &hellip; <a href=\"http:\/\/pernillaodlund.se\/?p=649\">L\u00e4s mer <span class=\"meta-nav\">&rarr;<\/span><\/a><\/p>\n","protected":false},"author":1,"featured_media":0,"comment_status":"open","ping_status":"open","sticky":false,"template":"","format":"standard","meta":{"om_disable_all_campaigns":false,"_monsterinsights_skip_tracking":false,"_monsterinsights_sitenote_active":false,"_monsterinsights_sitenote_note":"","_monsterinsights_sitenote_category":0,"footnotes":""},"categories":[1],"tags":[],"class_list":["post-649","post","type-post","status-publish","format-standard","hentry","category-uncategorized"],"aioseo_notices":[],"_links":{"self":[{"href":"http:\/\/pernillaodlund.se\/index.php?rest_route=\/wp\/v2\/posts\/649","targetHints":{"allow":["GET"]}}],"collection":[{"href":"http:\/\/pernillaodlund.se\/index.php?rest_route=\/wp\/v2\/posts"}],"about":[{"href":"http:\/\/pernillaodlund.se\/index.php?rest_route=\/wp\/v2\/types\/post"}],"author":[{"embeddable":true,"href":"http:\/\/pernillaodlund.se\/index.php?rest_route=\/wp\/v2\/users\/1"}],"replies":[{"embeddable":true,"href":"http:\/\/pernillaodlund.se\/index.php?rest_route=%2Fwp%2Fv2%2Fcomments&post=649"}],"version-history":[{"count":0,"href":"http:\/\/pernillaodlund.se\/index.php?rest_route=\/wp\/v2\/posts\/649\/revisions"}],"wp:attachment":[{"href":"http:\/\/pernillaodlund.se\/index.php?rest_route=%2Fwp%2Fv2%2Fmedia&parent=649"}],"wp:term":[{"taxonomy":"category","embeddable":true,"href":"http:\/\/pernillaodlund.se\/index.php?rest_route=%2Fwp%2Fv2%2Fcategories&post=649"},{"taxonomy":"post_tag","embeddable":true,"href":"http:\/\/pernillaodlund.se\/index.php?rest_route=%2Fwp%2Fv2%2Ftags&post=649"}],"curies":[{"name":"wp","href":"https:\/\/api.w.org\/{rel}","templated":true}]}}