{"id":655,"date":"2010-12-30T11:28:00","date_gmt":"2010-12-30T10:28:00","guid":{"rendered":"http:\/\/pernillaodlund.se\/?p=655"},"modified":"2010-12-30T11:28:00","modified_gmt":"2010-12-30T10:28:00","slug":"oj-oj","status":"publish","type":"post","link":"http:\/\/pernillaodlund.se\/?p=655","title":{"rendered":">Oj oj"},"content":{"rendered":"<p>><span style=\"font-family: &quot;Helvetica Neue&quot;, Arial, Helvetica, sans-serif;\">st\u00e5r i valet och kvalet om jag ska ge mig ut i en l\u00e5\u00e5\u00e5ng tirad om hurvida h\u00e4sten beh\u00f6ver t\u00e4ckas eller inte och n\u00e4r \u00e4r h\u00e4sten i h\u00e5rt arbete &#8230;.<\/span><\/p>\n<p><span style=\"font-family: &quot;Helvetica Neue&quot;, Arial, Helvetica, sans-serif;\">Vad tycker ni?<\/span><\/p>\n<p><span style=\"font-family: &quot;Helvetica Neue&quot;, Arial, Helvetica, sans-serif;\">Anledningen: en liten yttepytte skitunge som tror den kan och vet n\u00e5got<\/span><\/p>\n<p><span style=\"font-family: Arial;\">Jag borde inte bry mig &#8230; men har ju mitt &#8221;lilla&#8221; hum\u00f6r att dras med \ud83d\ude09<\/span><\/p>\n<p><span style=\"font-family: Arial;\">Fast vid n\u00e4rmare eftertanke kanske det egentligen borde handla om respekt och \u00f6dmjukhet och inte alls g\u00e5 i kllinch \u00f6ver sakinneh\u00e5llet &#8211; d\u00e4r jag ju \u00e4r 100% \u00f6vertygad om att jag har 100% r\u00e4tt. (Inte illa va hihi)<\/span><br \/><span style=\"font-family: Arial;\">Det trista i kr\u00e5ks\u00e5ngen \u00e4r ju att den enda som&nbsp;blir lidande vare sig det ena eller det andra skrivs h\u00e4r p\u00e5 bloggen eller inte skrivs alls \u00e4r ju den stackars h\u00e4sten &#8230; \ud83d\ude41 och det \u00e4r jag ju tyv\u00e4rr inte i st\u00e5nd att p\u00e5verka \u00f6ht.<\/span><\/p>\n<p><span style=\"font-family: Arial;\">Eller som B och jag brukade s\u00e4ga &#8211; det \u00e4r ju i alla fall inte djurpl\u00e5geri (\u00e4ven om det ligger p\u00e5 gr\u00e4nsen).<\/span><\/p>\n","protected":false},"excerpt":{"rendered":"<p>>st\u00e5r i valet och kvalet om jag ska ge mig ut i en l\u00e5\u00e5\u00e5ng tirad om hurvida h\u00e4sten beh\u00f6ver t\u00e4ckas eller inte och n\u00e4r \u00e4r h\u00e4sten i h\u00e5rt arbete &#8230;. Vad tycker ni? Anledningen: en liten yttepytte skitunge som tror &hellip; <a href=\"http:\/\/pernillaodlund.se\/?p=655\">L\u00e4s mer <span class=\"meta-nav\">&rarr;<\/span><\/a><\/p>\n","protected":false},"author":1,"featured_media":0,"comment_status":"open","ping_status":"open","sticky":false,"template":"","format":"standard","meta":{"om_disable_all_campaigns":false,"_monsterinsights_skip_tracking":false,"_monsterinsights_sitenote_active":false,"_monsterinsights_sitenote_note":"","_monsterinsights_sitenote_category":0,"footnotes":""},"categories":[1],"tags":[],"class_list":["post-655","post","type-post","status-publish","format-standard","hentry","category-uncategorized"],"aioseo_notices":[],"_links":{"self":[{"href":"http:\/\/pernillaodlund.se\/index.php?rest_route=\/wp\/v2\/posts\/655","targetHints":{"allow":["GET"]}}],"collection":[{"href":"http:\/\/pernillaodlund.se\/index.php?rest_route=\/wp\/v2\/posts"}],"about":[{"href":"http:\/\/pernillaodlund.se\/index.php?rest_route=\/wp\/v2\/types\/post"}],"author":[{"embeddable":true,"href":"http:\/\/pernillaodlund.se\/index.php?rest_route=\/wp\/v2\/users\/1"}],"replies":[{"embeddable":true,"href":"http:\/\/pernillaodlund.se\/index.php?rest_route=%2Fwp%2Fv2%2Fcomments&post=655"}],"version-history":[{"count":0,"href":"http:\/\/pernillaodlund.se\/index.php?rest_route=\/wp\/v2\/posts\/655\/revisions"}],"wp:attachment":[{"href":"http:\/\/pernillaodlund.se\/index.php?rest_route=%2Fwp%2Fv2%2Fmedia&parent=655"}],"wp:term":[{"taxonomy":"category","embeddable":true,"href":"http:\/\/pernillaodlund.se\/index.php?rest_route=%2Fwp%2Fv2%2Fcategories&post=655"},{"taxonomy":"post_tag","embeddable":true,"href":"http:\/\/pernillaodlund.se\/index.php?rest_route=%2Fwp%2Fv2%2Ftags&post=655"}],"curies":[{"name":"wp","href":"https:\/\/api.w.org\/{rel}","templated":true}]}}