{"id":657,"date":"2010-12-30T20:17:00","date_gmt":"2010-12-30T19:17:00","guid":{"rendered":"http:\/\/pernillaodlund.se\/?p=657"},"modified":"2010-12-30T20:17:00","modified_gmt":"2010-12-30T19:17:00","slug":"pa-tal-om","status":"publish","type":"post","link":"http:\/\/pernillaodlund.se\/?p=657","title":{"rendered":">P\u00e5 tal om"},"content":{"rendered":"<p>><span style=\"font-family: &quot;Helvetica Neue&quot;, Arial, Helvetica, sans-serif;\">t\u00e4cken s\u00e5 undrar jag om n\u00e5gon h\u00e4r vet hur mycket mer h\u00f6 jag skulle kunna ge Cuba om jag tar av henne innet\u00e4cket och bara l\u00e5ter henne ha ett t\u00e4cke ute?<\/span><br \/><span style=\"font-family: &quot;Helvetica Neue&quot;, Arial, Helvetica, sans-serif;\">Hon har s\u00e5 tr\u00e5kigt inne &#8211; att st\u00e5 inne i 18 timmar per dygn n\u00e4r man \u00e4r 5 \u00e5r \u00e4r verkligen p\u00e5 gr\u00e4nsen (eller egentligen \u00f6ver gr\u00e4nsen) f\u00f6r vad jag st\u00e5r ut med att uts\u00e4tta mina h\u00e4star f\u00f6r men nu \u00e4r det som det \u00e4r och lite sv\u00e5rt att g\u00f6ra n\u00e5got \u00e5t f\u00f6r n\u00e4rvarande. <\/span><br \/><span style=\"font-family: &quot;Helvetica Neue&quot;, Arial, Helvetica, sans-serif;\">Snacket om t\u00e4cken fick mig att t\u00e4nka efter och b\u00f6rja fundera p\u00e5 hur mycket mer h\u00f6 jag skulle kunna ge. <\/span><\/p>\n<p><span style=\"font-family: &quot;Helvetica Neue&quot;, Arial, Helvetica, sans-serif;\">Vad tror ni? <\/span><\/p>\n<p><span style=\"font-family: &quot;Helvetica Neue&quot;, Arial, Helvetica, sans-serif;\">I dagsl\u00e4get \u00e4ter hon ca 7-8kg h\u00f6 per dygn. Foderstaten \u00e4r p\u00e5 7,5 kg men jag l\u00e4gger g\u00e4rna in en extra kaka d\u00e5 och d\u00e5 &#8211; speciellt n\u00e4r jag \u00e5ker fr\u00e5n stallet innan dom kommer in eller precis n\u00e4r dom kommer in. Jag skulle vilja ge henne 10kg men vet inte om det \u00e4r rimligt?<\/span><\/p>\n","protected":false},"excerpt":{"rendered":"<p>>t\u00e4cken s\u00e5 undrar jag om n\u00e5gon h\u00e4r vet hur mycket mer h\u00f6 jag skulle kunna ge Cuba om jag tar av henne innet\u00e4cket och bara l\u00e5ter henne ha ett t\u00e4cke ute?Hon har s\u00e5 tr\u00e5kigt inne &#8211; att st\u00e5 inne i &hellip; <a href=\"http:\/\/pernillaodlund.se\/?p=657\">L\u00e4s mer <span class=\"meta-nav\">&rarr;<\/span><\/a><\/p>\n","protected":false},"author":1,"featured_media":0,"comment_status":"open","ping_status":"open","sticky":false,"template":"","format":"standard","meta":{"om_disable_all_campaigns":false,"_monsterinsights_skip_tracking":false,"_monsterinsights_sitenote_active":false,"_monsterinsights_sitenote_note":"","_monsterinsights_sitenote_category":0,"footnotes":""},"categories":[1],"tags":[],"class_list":["post-657","post","type-post","status-publish","format-standard","hentry","category-uncategorized"],"aioseo_notices":[],"_links":{"self":[{"href":"http:\/\/pernillaodlund.se\/index.php?rest_route=\/wp\/v2\/posts\/657","targetHints":{"allow":["GET"]}}],"collection":[{"href":"http:\/\/pernillaodlund.se\/index.php?rest_route=\/wp\/v2\/posts"}],"about":[{"href":"http:\/\/pernillaodlund.se\/index.php?rest_route=\/wp\/v2\/types\/post"}],"author":[{"embeddable":true,"href":"http:\/\/pernillaodlund.se\/index.php?rest_route=\/wp\/v2\/users\/1"}],"replies":[{"embeddable":true,"href":"http:\/\/pernillaodlund.se\/index.php?rest_route=%2Fwp%2Fv2%2Fcomments&post=657"}],"version-history":[{"count":0,"href":"http:\/\/pernillaodlund.se\/index.php?rest_route=\/wp\/v2\/posts\/657\/revisions"}],"wp:attachment":[{"href":"http:\/\/pernillaodlund.se\/index.php?rest_route=%2Fwp%2Fv2%2Fmedia&parent=657"}],"wp:term":[{"taxonomy":"category","embeddable":true,"href":"http:\/\/pernillaodlund.se\/index.php?rest_route=%2Fwp%2Fv2%2Fcategories&post=657"},{"taxonomy":"post_tag","embeddable":true,"href":"http:\/\/pernillaodlund.se\/index.php?rest_route=%2Fwp%2Fv2%2Ftags&post=657"}],"curies":[{"name":"wp","href":"https:\/\/api.w.org\/{rel}","templated":true}]}}