{"id":661,"date":"2011-01-01T14:47:00","date_gmt":"2011-01-01T13:47:00","guid":{"rendered":"http:\/\/pernillaodlund.se\/?p=661"},"modified":"2011-01-01T14:47:00","modified_gmt":"2011-01-01T13:47:00","slug":"summering","status":"publish","type":"post","link":"http:\/\/pernillaodlund.se\/?p=661","title":{"rendered":">Summering"},"content":{"rendered":"<p>><span style=\"font-family: &quot;Helvetica Neue&quot;, Arial, Helvetica, sans-serif;\">I b\u00f6rjan p\u00e5 \u00e5r 2010 \u00e4gde jag tre h\u00e4star &#8211; Sudden, Zorino och Kakan. I slutet p\u00e5 \u00e5r 2010 \u00e4ger jag ocks\u00e5 tre h\u00e4star &#8211; Cuba, Nido och Kakan. Men andra ord s\u00e5 har det h\u00e4nt en hel del. Vi b\u00f6rjar fr\u00e5n b\u00f6rjan:<\/span><\/p>\n<p><span style=\"font-family: &quot;Helvetica Neue&quot;, Arial, Helvetica, sans-serif;\">I b\u00f6rjan av \u00e5ret var det dags att \u00e5ka p\u00e5 kurs hos Jenny. Sofia och Sudden skulle f\u00f6lja med och s\u00e5klart Emma och Kakan. Tyv\u00e4rr uppt\u00e4ckte jag att&nbsp;Sudden var halt.&nbsp;s\u00e5 ist\u00e4llet tog vi med oss Zorino. <\/span><br \/><span style=\"font-family: &quot;Helvetica Neue&quot;, Arial, Helvetica, sans-serif;\">Jag l\u00e4rde mig uppskatta och v\u00e5ga rida barbacka p\u00e5 min absolut ursn\u00e4lla Zorino. Jag tog ocks\u00e5 mina f\u00f6rsta galopper p\u00e5 sommar\u00e4ngen. Har jag aldrig v\u00e5gat f\u00f6rrut.<\/span><br \/><span style=\"font-family: &quot;Helvetica Neue&quot;, Arial, Helvetica, sans-serif;\">Min b\u00f6rjan p\u00e5 \u00e5ret var massor med dressyrtr\u00e4ning &#8211; jag hade ju som m\u00e5l att t\u00e4vla n\u00e4r s\u00e4songen kom ig\u00e5ng. Tyv\u00e4rr b\u00f6rjade ju kn\u00e4t att konstra s\u00e5 jag fick l\u00e4ra mig inse att n\u00e5gon dressyrryttare kommer jag aldrig att bli och n\u00e5gra t\u00e4vlingar skulle inte heller bli aktuellt. Jag \u00e5kte till specialister, r\u00f6ntgade, en naprapat jobbade med kn\u00e4t och jag fick \u00e4ven egan \u00f6vningar att g\u00f6ra hemma. INGENTING hj\u00e4lpte och jag blev bara s\u00e4mre och s\u00e4mre.Till slut fick jag domen att om jag forts\u00e4tter i samma anda s\u00e5 kommer jag s\u00e5sm\u00e5ningom inte ens kunna g\u00e5. Detta fick mig verkligen att tappa fart &#8211; jag blev v\u00e4ldigt v\u00e4ldigt ledsen. Ins\u00e5g ocks\u00e5 att jag vare sig hade r\u00e5d eller lust att beh\u00e5lla min fina dressyrh\u00e4st&nbsp;f\u00f6r bara skogsridning. \u00c4ven om han egentligen var en helt suver\u00e4n skogsh\u00e4st \ud83d\ude42 I juni \u00e5kte jag iv\u00e4g med honom till ett f\u00f6rs\u00e4ljningsstall och i juli blev han s\u00e5ld tillbaka till Danmark. Att s\u00e4lja honom var en av de sv\u00e5raste beslut som jag tagit i mitt liv och att skiljas fr\u00e5n honom var ett otroligt jobbigt \u00f6gonblick. Men han l\u00e4mnade efter sig massor med h\u00e4rliga minnen och mig med massor av mer kunskap och sj\u00e4lvf\u00f6rtroende.<\/span><br \/><span style=\"font-family: &quot;Helvetica Neue&quot;, Arial, Helvetica, sans-serif;\">Emma och Kakan upplevde sin h\u00f6jdpunkt under detta f\u00f6rsta halv\u00e5r. Dom t\u00e4vlade intensivt och blev i stort sett felfria i varje start (bara CR-starter). Dom t\u00e4vlade i allsvenskan och fick fina stilpo\u00e4ng och i den sista omg\u00e5ngen var dom snabbaste ekipaget under hela dagen \ud83d\ude42 Kakan var i toppenform och dom hade verkligen hunnit rida ihop sig och var enormt samspelta. Hela tiden hade dom v\u00e4ldigt roligt \ud83d\ude42<\/span><br \/><span style=\"font-family: &quot;Helvetica Neue&quot;, Arial, Helvetica, sans-serif;\">I maj s\u00e5lde jag Sudden till b\u00e4sta Sofia och han fick \u00e4ntligen komma till sin r\u00e4tt. Hon l\u00e4r honom och sig sj\u00e4lv att rida utan hj\u00e4lpmedel. HAN hade verkligen inte kunnat f\u00e5 det b\u00e4ttre!!<\/span><br \/><span style=\"font-family: &quot;Helvetica Neue&quot;, Arial, Helvetica, sans-serif;\">Strax innan sommaren inser vi att Emma beh\u00f6ver n\u00e5got lite st\u00f6rre att komma vidare i t\u00e4vlingskarri\u00e4ren med. Vi surfar runt, \u00e5ker och provrider och hitter ett fint sto. \u00c5ker dit och tar med oss Jenny. Hon tycker h\u00e4sten verkar vara lite markbunden och inte riktigt vad vi letar efter. P\u00e5 stallplanen rusar det runt en alldeles bed\u00e5rande liten valp och vi stannar och pratar lite med \u00e4garen till valpen. N\u00e4r vi kommer hem hittar jag en annons p\u00e5 Blocket. Det \u00e4r tv\u00e5 ponnier som s\u00e4ljs, ett sto som nog blir liten d-ponny och en valack ska stanna som c-ponny. Jag svarar p\u00e5 annonsen och det visar sig vara \u00e4garna till valpen tidigare under dagen.<\/span><br \/><span style=\"font-family: &quot;Helvetica Neue&quot;, Arial, Helvetica, sans-serif;\">Vi \u00e5ker tillbaka n\u00e5gon vecka senare, \u00e4ven denna g\u00e5ng tillsammans med Jenny. Det blir k\u00e4rlek f\u00f6r Emma. Nidorino heter k\u00e4rleken denna g\u00e5ng \ud83d\ude42 Han g\u00e5r s\u00e5klart igenom besiktningen. Detta \u00e4r en k\u00e4rnfrisk urstark liten svensk ridponny som v\u00e4xt upp p\u00e5 Gotland i stor flock. Strax f\u00f6re midsommar flyttar han hem till P\u00e4rlviken och en mycket rolig tid kommer.<\/span><br \/><span style=\"font-family: &quot;Helvetica Neue&quot;, Arial, Helvetica, sans-serif;\">Sommaren tillbringas i Florida under n\u00e5gra veckor och jag f\u00e5r som vanligt b\u00e4sta hj\u00e4lpen med h\u00e4starna av b\u00e4sta B.<\/span><br \/><span style=\"font-family: &quot;Helvetica Neue&quot;, Arial, Helvetica, sans-serif;\">H\u00f6sten inleds med att jag n\u00e4stan blivit helt symptomfri i kn\u00e4t av vilan under semestern. DET k\u00e4nns mycket bra. Jag b\u00f6rjar inse att jag nog vill ha en egen h\u00e4st men denna g\u00e5ng ska det bli en skogsmulle. Kanske ett kallblod? <\/span><br \/><span style=\"font-family: Arial;\">Emma och Nido b\u00f6rjar tr\u00e4na och det g\u00e5r till en b\u00f6rjan j\u00e4ttebra. Dom t\u00e4vlar och \u00e4r ibland felfria och ibland n\u00e5got pet och en g\u00e5ng uteslutna. Sedan kommer dom in i n\u00e5gon typ av konstig fas och ALLT g\u00e5r d\u00e5ligt med hoppningen. Vi g\u00f6r ett break i tr\u00e4ningen och byter sedan ocks\u00e5 tr\u00e4nare. D\u00e5 sl\u00e4pper allt och det g\u00e5r \u00e5terigen mycket bra. Den nya tr\u00e4naren tror dom kan klara 2011 \u00e5rs m\u00e5l &#8211; att kvala in i ungponnyt\u00e4vlingen som g\u00e5r p\u00e5 LA-h\u00f6jd. <\/span><br \/><span style=\"font-family: Arial;\">Kakan f\u00e5r flytta till en foderv\u00e4rd i Hudviksvall och f\u00e5r g\u00e5 p\u00e5 l\u00f6sdrift tillsammans med en annan liten ponny. Han stortrivs \ud83d\ude42 Fast vi saknar det minsta hj\u00e4rtat i flocken, j\u00e4ttemycket.<\/span><br \/><span style=\"font-family: Arial;\">Under n\u00e5gra intensiva veckor \u00e5ker jag runt och provrider lite olika typer av h\u00e4star\/ponnier. N\u00e5gra kallblod, en arab och lite olika ponnier. <\/span><br \/><span style=\"font-family: Arial;\">Tjejen som s\u00e5lde Nido till oss f\u00e5r veta att jag letar ponny och h\u00f6r av sig. Hon har ett supers\u00f6t litet sto som hon tror kan passa mig. MEN hon har f\u00e5tt h\u00f6ga bud p\u00e5 henne och &#8221;det brinner&#8221; i knutarna. Redan n\u00e4sta dag \u00e4r det Pay&amp;Jump p\u00e5 Runsten och dit kommer hon &#8211; Cuba. S\u00e5\u00e5 s\u00f6t och det blev k\u00e4rlek igen \ud83d\ude42 Fast nu \u00e4r buden s\u00e5 h\u00f6ga att jag inte l\u00e4ngre kan matcha dem. S\u00e4ljaren vill t\u00e4nka lite och ska \u00e5terkomma.<\/span><br \/><span style=\"font-family: Arial;\">En vecka senare ringer hon och fr\u00e5gar om jag vill provrida. Jippi \ud83d\ude42 Vi \u00e5ker dit samma kv\u00e4ll och bara n\u00e5gra dagar senare flyttar min fina Cuba hem till P\u00e4rlviken.<\/span><br \/><span style=\"font-family: Arial;\">S\u00e4ljare ville hellre s\u00e4lja till oss s\u00e5 vi fick ett superpris.<\/span><br \/><span style=\"font-family: Arial;\">Jag \u00e4gnar n\u00e5gra veckor \u00e5t att l\u00e4ra k\u00e4nna henne och tycker att precis ALLT \u00e4r toppen p\u00e5 denna lilla v\u00e4na varelse. Vi b\u00f6rjar tr\u00e4na med klicker och det g\u00e5r s\u00e5 l\u00e4tt att l\u00e4ra henne. I skogen \u00e4r hon supertrygg, aldrig r\u00e4dd f\u00f6r n\u00e5got, pigg och v\u00e4ldigt glad men aldrig f\u00f6r pigg eller het. Jag v\u00e5gar hoppa, t\u00e4vlar n\u00e5gra g\u00e5nger p\u00e5 hemmaplan och f\u00e5r till och med n\u00e5gra rosetter.<\/span><br \/><span style=\"font-family: Arial;\">Under slutet av h\u00f6sten skaffar jag mig en medryttare. En tjej som \u00e4r n\u00e4ra v\u00e4n till familjen och som rider n\u00e4stan exakt likadant som Emma. Det fungerar j\u00e4ttebra och vi best\u00e4mmer att Cuba ska f\u00e5 f\u00f6lja med p\u00e5 hopptr\u00e4ningarna tillsammans med sin medryttare. D\u00e4r blir tr\u00e4naren v\u00e4ldigt imponerad och s\u00e4ger att Cuba nog har st\u00f6rre kapacitet \u00e4n vad Nido har. Dock har ju Nido kommit l\u00edte l\u00e4ngre i sin utbildning.<\/span><br \/><span style=\"font-family: Arial;\">Med bara tv\u00e5 veckor kvar p\u00e5 \u00e5ret kommer det en chock &#8211; stallet ska l\u00e4ggas ner \ud83d\ude41<\/span><br \/><span style=\"font-family: Arial;\">\u00c5ret avslutas p\u00e5 det absolut b\u00e4sta vis &#8211; en superh\u00e4rlig ridtur i skogen tillsammans med flera av dom mysiga stallkompisarna p\u00e5 P\u00e4rlviken.<\/span><\/p>\n","protected":false},"excerpt":{"rendered":"<p>>I b\u00f6rjan p\u00e5 \u00e5r 2010 \u00e4gde jag tre h\u00e4star &#8211; Sudden, Zorino och Kakan. I slutet p\u00e5 \u00e5r 2010 \u00e4ger jag ocks\u00e5 tre h\u00e4star &#8211; Cuba, Nido och Kakan. Men andra ord s\u00e5 har det h\u00e4nt en hel del. Vi &hellip; <a href=\"http:\/\/pernillaodlund.se\/?p=661\">L\u00e4s mer <span class=\"meta-nav\">&rarr;<\/span><\/a><\/p>\n","protected":false},"author":1,"featured_media":0,"comment_status":"open","ping_status":"open","sticky":false,"template":"","format":"standard","meta":{"om_disable_all_campaigns":false,"_monsterinsights_skip_tracking":false,"_monsterinsights_sitenote_active":false,"_monsterinsights_sitenote_note":"","_monsterinsights_sitenote_category":0,"footnotes":""},"categories":[1],"tags":[],"class_list":["post-661","post","type-post","status-publish","format-standard","hentry","category-uncategorized"],"aioseo_notices":[],"_links":{"self":[{"href":"http:\/\/pernillaodlund.se\/index.php?rest_route=\/wp\/v2\/posts\/661","targetHints":{"allow":["GET"]}}],"collection":[{"href":"http:\/\/pernillaodlund.se\/index.php?rest_route=\/wp\/v2\/posts"}],"about":[{"href":"http:\/\/pernillaodlund.se\/index.php?rest_route=\/wp\/v2\/types\/post"}],"author":[{"embeddable":true,"href":"http:\/\/pernillaodlund.se\/index.php?rest_route=\/wp\/v2\/users\/1"}],"replies":[{"embeddable":true,"href":"http:\/\/pernillaodlund.se\/index.php?rest_route=%2Fwp%2Fv2%2Fcomments&post=661"}],"version-history":[{"count":0,"href":"http:\/\/pernillaodlund.se\/index.php?rest_route=\/wp\/v2\/posts\/661\/revisions"}],"wp:attachment":[{"href":"http:\/\/pernillaodlund.se\/index.php?rest_route=%2Fwp%2Fv2%2Fmedia&parent=661"}],"wp:term":[{"taxonomy":"category","embeddable":true,"href":"http:\/\/pernillaodlund.se\/index.php?rest_route=%2Fwp%2Fv2%2Fcategories&post=661"},{"taxonomy":"post_tag","embeddable":true,"href":"http:\/\/pernillaodlund.se\/index.php?rest_route=%2Fwp%2Fv2%2Ftags&post=661"}],"curies":[{"name":"wp","href":"https:\/\/api.w.org\/{rel}","templated":true}]}}