{"id":662,"date":"2011-01-01T19:07:00","date_gmt":"2011-01-01T18:07:00","guid":{"rendered":"http:\/\/pernillaodlund.se\/?p=662"},"modified":"2011-01-01T19:07:00","modified_gmt":"2011-01-01T18:07:00","slug":"kakan-2","status":"publish","type":"post","link":"http:\/\/pernillaodlund.se\/?p=662","title":{"rendered":">Kakan"},"content":{"rendered":"<p>><span style=\"font-family: &quot;Helvetica Neue&quot;, Arial, Helvetica, sans-serif;\">N\u00e5gon (anonym?) fr\u00e5gade om Kakan ska bli maskot eller om vi funderar p\u00e5 att s\u00e4lja. Svaret \u00e4r NEJ p\u00e5 b\u00e5da fr\u00e5gorna. Nu kan man s\u00e4ga att han f\u00e5r ett litet break och en paus fr\u00e5n ridning MEN han bor p\u00e5 en l\u00f6sdrift d\u00e4r han tvingas r\u00f6ra sig hela tiden s\u00e5 han kommer knappast tillbaka och har tappat allt. S\u00e5 fort vi har en egen g\u00e5rd alt ett eget stall s\u00e5 kommer vi ta hem honom. Vi l\u00e4ngtar j\u00e4ttemycket efter honom. Eftersom Emma \u00e4r s\u00e5 pass liten s\u00e5 kommer hon kunna rida honom i m\u00e5nga \u00e5r till, d\u00e4remot \u00e4r det f\u00e4rdigt\u00e4vlat f\u00f6r just dom tv\u00e5. \u00c4ven jag kan sitta p\u00e5 honom och \u00e5tminstone rida honom i skritt i skogen.&nbsp;Vi f\u00e5r hitta n\u00e5gon trevlig liten tjej eller kille som villa tr\u00e4na och t\u00e4vla och ha den personen som medryttare\/foderv\u00e4rd (hemma hos oss) s\u00e5 f\u00e5r Kakan g\u00f6ra det han \u00e4r s\u00e5 bra p\u00e5 &#8211; l\u00e4ra upp en ny liten ryttare \ud83d\ude00<\/span><\/p>\n<div class=\"separator\" style=\"clear: both; text-align: center;\"><a href=\"http:\/\/3.bp.blogspot.com\/_1lpcQBoi3rU\/TH60EoXiS3I\/AAAAAAAABtI\/1BXxdMiRTUg\/s1600\/DSC_8287_x.jpg\" imageanchor=\"1\" style=\"margin-left: 1em; margin-right: 1em;\"><img loading=\"lazy\" decoding=\"async\" border=\"0\" height=\"400\" n4=\"true\" src=\"http:\/\/3.bp.blogspot.com\/_1lpcQBoi3rU\/TH60EoXiS3I\/AAAAAAAABtI\/1BXxdMiRTUg\/s400\/DSC_8287_x.jpg\" width=\"281\" \/><\/a><\/div>\n<div class=\"separator\" style=\"clear: both; text-align: center;\"><span style=\"color: red; font-size: x-small;\">Tror ni verkligen man kan s\u00e4lja en s\u00e5n h\u00e4r goding \ud83d\ude42<\/span><\/div>\n","protected":false},"excerpt":{"rendered":"<p>>N\u00e5gon (anonym?) fr\u00e5gade om Kakan ska bli maskot eller om vi funderar p\u00e5 att s\u00e4lja. Svaret \u00e4r NEJ p\u00e5 b\u00e5da fr\u00e5gorna. Nu kan man s\u00e4ga att han f\u00e5r ett litet break och en paus fr\u00e5n ridning MEN han bor p\u00e5 &hellip; <a href=\"http:\/\/pernillaodlund.se\/?p=662\">L\u00e4s mer <span class=\"meta-nav\">&rarr;<\/span><\/a><\/p>\n","protected":false},"author":1,"featured_media":0,"comment_status":"open","ping_status":"open","sticky":false,"template":"","format":"standard","meta":{"om_disable_all_campaigns":false,"_monsterinsights_skip_tracking":false,"_monsterinsights_sitenote_active":false,"_monsterinsights_sitenote_note":"","_monsterinsights_sitenote_category":0,"footnotes":""},"categories":[1],"tags":[],"class_list":["post-662","post","type-post","status-publish","format-standard","hentry","category-uncategorized"],"aioseo_notices":[],"_links":{"self":[{"href":"http:\/\/pernillaodlund.se\/index.php?rest_route=\/wp\/v2\/posts\/662","targetHints":{"allow":["GET"]}}],"collection":[{"href":"http:\/\/pernillaodlund.se\/index.php?rest_route=\/wp\/v2\/posts"}],"about":[{"href":"http:\/\/pernillaodlund.se\/index.php?rest_route=\/wp\/v2\/types\/post"}],"author":[{"embeddable":true,"href":"http:\/\/pernillaodlund.se\/index.php?rest_route=\/wp\/v2\/users\/1"}],"replies":[{"embeddable":true,"href":"http:\/\/pernillaodlund.se\/index.php?rest_route=%2Fwp%2Fv2%2Fcomments&post=662"}],"version-history":[{"count":0,"href":"http:\/\/pernillaodlund.se\/index.php?rest_route=\/wp\/v2\/posts\/662\/revisions"}],"wp:attachment":[{"href":"http:\/\/pernillaodlund.se\/index.php?rest_route=%2Fwp%2Fv2%2Fmedia&parent=662"}],"wp:term":[{"taxonomy":"category","embeddable":true,"href":"http:\/\/pernillaodlund.se\/index.php?rest_route=%2Fwp%2Fv2%2Fcategories&post=662"},{"taxonomy":"post_tag","embeddable":true,"href":"http:\/\/pernillaodlund.se\/index.php?rest_route=%2Fwp%2Fv2%2Ftags&post=662"}],"curies":[{"name":"wp","href":"https:\/\/api.w.org\/{rel}","templated":true}]}}