{"id":701,"date":"2011-02-14T08:27:00","date_gmt":"2011-02-14T07:27:00","guid":{"rendered":"http:\/\/pernillaodlund.se\/?p=701"},"modified":"2011-02-14T08:27:00","modified_gmt":"2011-02-14T07:27:00","slug":"forutsattningarna","status":"publish","type":"post","link":"http:\/\/pernillaodlund.se\/?p=701","title":{"rendered":">F\u00f6ruts\u00e4ttningarna"},"content":{"rendered":"<p>><span style=\"font-family: &quot;Helvetica Neue&quot;, Arial, Helvetica, sans-serif;\">TACK f\u00f6r tips och r\u00e5d!!<\/span><br \/><span style=\"font-family: &quot;Helvetica Neue&quot;, Arial, Helvetica, sans-serif;\">Jag kanske borde ha f\u00f6rklarat lite mer om f\u00f6ruts\u00e4ttningarna.<\/span><br \/><span style=\"font-family: &quot;Helvetica Neue&quot;, Arial, Helvetica, sans-serif;\">* Jag kan inte s\u00e4tta in n\u00e5gra vattenkoppar med uppv\u00e4rmningsanordningar &#8211; inte mitt eget stall!<\/span><br \/><span style=\"font-family: &quot;Helvetica Neue&quot;, Arial, Helvetica, sans-serif;\">* Det sker ingen fodring av hinkar\/kraftfoder p\u00e5 kv\u00e4llen<\/span><br \/><span style=\"font-family: &quot;Helvetica Neue&quot;, Arial, Helvetica, sans-serif;\">* H\u00e4starna \u00e4ter sin lunch ute &#8211; jag fodrar inte sj\u00e4lv<\/span><\/p>\n<p><span style=\"font-family: &quot;Helvetica Neue&quot;, Arial, Helvetica, sans-serif;\">Att ge \u00e4ppeljuice i vattenhinker hj\u00e4lper ju inte mot att det fryser, tyv\u00e4rr. Vi har dessutom gjort det n\u00e4r vi stod p\u00e5 P-viken men han drack bara obetydligt mer f\u00f6r det. Det enda vi f\u00e5r i honom som \u00e4r n\u00e5gon m\u00e4ngd att r\u00e4kna med \u00e4r betforvatten.<\/span><br \/><span style=\"font-family: &quot;Helvetica Neue&quot;, Arial, Helvetica, sans-serif;\">Att l\u00e4gga i en boll kommer inte hj\u00e4lpa f\u00f6r antingen:<\/span><br \/><span style=\"font-family: &quot;Helvetica Neue&quot;, Arial, Helvetica, sans-serif;\">* s\u00e5 kommer Nido ta bort bollen inom tio sekunder (han \u00e4r s\u00e5 nyfiken och &#8221;plockig&#8221; med ALLT)<\/span><br \/><span style=\"font-family: &quot;Helvetica Neue&quot;, Arial, Helvetica, sans-serif;\">* eller s\u00e5 r\u00e5kan han v\u00e4l sv\u00e4lja den och d\u00f6r av foderstrupsf\u00f6rstoppning \ud83d\ude09<\/span><br \/><span style=\"font-family: &quot;Helvetica Neue&quot;, Arial, Helvetica, sans-serif;\">N\u00e4 n\u00e5gon boll tror jag inte p\u00e5. Fick ocks\u00e5 tipset att l\u00e4gga h\u00f6 i vattenhinken. Dels fr\u00f6s det \u00e4nd\u00e5 och del ville inte ens Cuba drick n\u00e4r vattnet var fullt med h\u00f6.<\/span><\/p>\n<p><span style=\"font-family: Arial;\">Min handlingsplan \u00e4r:<\/span><br \/><span style=\"font-family: Arial;\">* Ge tv\u00e5 hinkar med betforvatten p\u00e5 morgonen (hoppas bara personalen tycker det \u00e4r okej att h\u00e4mta dem i ett annat stall som har v\u00e4rme &#8211; annars skiter det sig d\u00e5 f\u00e5r vi v\u00e4l flytta f\u00f6r d\u00e5 funkar det inte)<\/span><br \/><span style=\"font-family: Arial;\">* Kolla med personalen om dom kan t\u00e4nka sig att ta med en liten hink med betfor vatten n\u00e4r dom fodrar lunch.<\/span><br \/><span style=\"font-family: Arial;\">* Ge tv\u00e5 hinkar betforvatten p\u00e5 em n\u00e4r jag kommer och tar in dem<\/span><br \/><span style=\"font-family: Arial;\">* K\u00f6pa svett-ers\u00e4ttare p\u00e5 Granng\u00e5rden och l\u00e4gga i vattnet <\/span><br \/><span style=\"font-family: Arial;\">* EV!! k\u00f6pa ett tjockare t\u00e4cke till Nido &#8230; vet inte om detta skulle kunna hj\u00e4lpa. Om han \u00e4r varmare kanske han vill dricka mer och \u00e4ven kan t\u00e4nka sig att \u00e4ta lite sn\u00f6 i hagen (som jag vet att han gjorde p\u00e5 P-viken).<\/span><\/p>\n<p><span style=\"font-family: Arial;\">Om inte detta hj\u00e4lper s\u00e5 vet jag inte &#8230;<\/span><\/p>\n<p><span style=\"font-family: Arial;\">En sak vet jag i alla fall &#8211; vi kommer INTE st\u00e5 i kallstall n\u00e5got mer!! Alltid l\u00e4r man sig n\u00e5got!<\/span><\/p>\n<p><span style=\"font-family: Arial;\">F\u00f6rresten s\u00e5 l\u00e4sta jag f\u00f6ljande: om h\u00e4sten ska f\u00e5 i sig 1 liter vatten m\u00e5ste den \u00e4ta enorma m\u00e4ngder sn\u00f6. Dessutom l\u00e5ter de flesta h\u00e4starna bli f\u00f6r att inte kyla ner sig. <\/span><\/p>\n","protected":false},"excerpt":{"rendered":"<p>>TACK f\u00f6r tips och r\u00e5d!!Jag kanske borde ha f\u00f6rklarat lite mer om f\u00f6ruts\u00e4ttningarna.* Jag kan inte s\u00e4tta in n\u00e5gra vattenkoppar med uppv\u00e4rmningsanordningar &#8211; inte mitt eget stall!* Det sker ingen fodring av hinkar\/kraftfoder p\u00e5 kv\u00e4llen* H\u00e4starna \u00e4ter sin lunch ute &hellip; <a href=\"http:\/\/pernillaodlund.se\/?p=701\">L\u00e4s mer <span class=\"meta-nav\">&rarr;<\/span><\/a><\/p>\n","protected":false},"author":1,"featured_media":0,"comment_status":"open","ping_status":"open","sticky":false,"template":"","format":"standard","meta":{"om_disable_all_campaigns":false,"_monsterinsights_skip_tracking":false,"_monsterinsights_sitenote_active":false,"_monsterinsights_sitenote_note":"","_monsterinsights_sitenote_category":0,"footnotes":""},"categories":[1],"tags":[],"class_list":["post-701","post","type-post","status-publish","format-standard","hentry","category-uncategorized"],"aioseo_notices":[],"_links":{"self":[{"href":"http:\/\/pernillaodlund.se\/index.php?rest_route=\/wp\/v2\/posts\/701","targetHints":{"allow":["GET"]}}],"collection":[{"href":"http:\/\/pernillaodlund.se\/index.php?rest_route=\/wp\/v2\/posts"}],"about":[{"href":"http:\/\/pernillaodlund.se\/index.php?rest_route=\/wp\/v2\/types\/post"}],"author":[{"embeddable":true,"href":"http:\/\/pernillaodlund.se\/index.php?rest_route=\/wp\/v2\/users\/1"}],"replies":[{"embeddable":true,"href":"http:\/\/pernillaodlund.se\/index.php?rest_route=%2Fwp%2Fv2%2Fcomments&post=701"}],"version-history":[{"count":0,"href":"http:\/\/pernillaodlund.se\/index.php?rest_route=\/wp\/v2\/posts\/701\/revisions"}],"wp:attachment":[{"href":"http:\/\/pernillaodlund.se\/index.php?rest_route=%2Fwp%2Fv2%2Fmedia&parent=701"}],"wp:term":[{"taxonomy":"category","embeddable":true,"href":"http:\/\/pernillaodlund.se\/index.php?rest_route=%2Fwp%2Fv2%2Fcategories&post=701"},{"taxonomy":"post_tag","embeddable":true,"href":"http:\/\/pernillaodlund.se\/index.php?rest_route=%2Fwp%2Fv2%2Ftags&post=701"}],"curies":[{"name":"wp","href":"https:\/\/api.w.org\/{rel}","templated":true}]}}