{"id":703,"date":"2011-02-15T13:41:00","date_gmt":"2011-02-15T12:41:00","guid":{"rendered":"http:\/\/pernillaodlund.se\/?p=703"},"modified":"2011-02-15T13:41:00","modified_gmt":"2011-02-15T12:41:00","slug":"orka","status":"publish","type":"post","link":"http:\/\/pernillaodlund.se\/?p=703","title":{"rendered":">Orka"},"content":{"rendered":"<p>><span style=\"font-family: &quot;Helvetica Neue&quot;, Arial, Helvetica, sans-serif;\">Orka l\u00e4sa och skriva om vatten n\u00e5got mer &#8230;<\/span><\/p>\n<p><span style=\"font-family: &quot;Helvetica Neue&quot;, Arial, Helvetica, sans-serif;\">Ig\u00e5r kv\u00e4ll var vi som redan f\u00f6rt\u00e4ljts p\u00e5 m\u00f6te p\u00e5&nbsp; Runsten. D\u00e4r best\u00e4mdes att jag ska vara lagledare f\u00f6r allsvenskalaget i dressyr div III. Det blir kul \ud83d\ude42 Redan den 2 april \u00e4r f\u00f6rsta omg\u00e5ngen. Hoppas nu att v\u00e4dret \u00e4r s\u00e5pass att man kan vara utomhus. Fast det k\u00e4nns just idag som det \u00e4r l\u00e5\u00e5\u00e5\u00e5ngt till v\u00e5ren.<\/span><\/p>\n<p><span style=\"font-family: &quot;Helvetica Neue&quot;, Arial, Helvetica, sans-serif;\">F\u00e4ltt\u00e4vlansm\u00f6tet lappade tyv\u00e4rr \u00f6ver lite p\u00e5 ponnydressyrm\u00f6tet s\u00e5 vi var tvugna att g\u00e5 mitt i. I den delen av klubben \u00e4r det verkligen full fart. M\u00e4ngder med aktiviteter och roliga saker som h\u00e4nder &#8211; kicki-off, mental tr\u00e4ning, fys-pass &#8230; ja massa skoj. F\u00f6r b\u00e5de ponny- och h\u00e4st-ryttare. V\u00e4ldigt roligt!<\/span><\/p>\n<p><span style=\"font-family: &quot;Helvetica Neue&quot;, Arial, Helvetica, sans-serif;\">Fick just veta att Emma ska f\u00e5 en reservplats p\u00e5 tr\u00e4ning f\u00f6r Fredrik B\u00f6hling n\u00e4sta vecka. Vi har varit med i reservlistan ett tag och f\u00e5tt n\u00e5got erbjudande om plats men d\u00e5 har vi inte kunnat. Nu passar det ju j\u00e4ttefint speciellt med tanke p\u00e5 att det \u00e4r ca 1\u00bd m\u00e5nad kvar till f\u00f6rsta omg\u00e5ngen i dressyren.<\/span><\/p>\n<p><span style=\"font-family: &quot;Helvetica Neue&quot;, Arial, Helvetica, sans-serif;\">Den 6 mars debuterar Emma p\u00e5 regional niv\u00e5 i hoppning &#8211; vi s\u00f6ker med ljus och lykta efter n\u00e5gon som kan\/vill\/orkar f\u00f6lja med som t\u00e4vlingsgroom den dagen. Vi har aldrig sj\u00e4lva t\u00e4vlat regionalt och det skulle ju vara s\u00e5 himla bra att ha med n\u00e5gon som har den erfarenheten. N\u00e5gon? T\u00e4vlingen \u00e4r i Eskilstuna s\u00e5 det blir en tidig morgon.<\/span><\/p>\n","protected":false},"excerpt":{"rendered":"<p>>Orka l\u00e4sa och skriva om vatten n\u00e5got mer &#8230; Ig\u00e5r kv\u00e4ll var vi som redan f\u00f6rt\u00e4ljts p\u00e5 m\u00f6te p\u00e5&nbsp; Runsten. D\u00e4r best\u00e4mdes att jag ska vara lagledare f\u00f6r allsvenskalaget i dressyr div III. Det blir kul \ud83d\ude42 Redan den 2 &hellip; <a href=\"http:\/\/pernillaodlund.se\/?p=703\">L\u00e4s mer <span class=\"meta-nav\">&rarr;<\/span><\/a><\/p>\n","protected":false},"author":1,"featured_media":0,"comment_status":"open","ping_status":"open","sticky":false,"template":"","format":"standard","meta":{"om_disable_all_campaigns":false,"_monsterinsights_skip_tracking":false,"_monsterinsights_sitenote_active":false,"_monsterinsights_sitenote_note":"","_monsterinsights_sitenote_category":0,"footnotes":""},"categories":[1],"tags":[],"class_list":["post-703","post","type-post","status-publish","format-standard","hentry","category-uncategorized"],"aioseo_notices":[],"_links":{"self":[{"href":"http:\/\/pernillaodlund.se\/index.php?rest_route=\/wp\/v2\/posts\/703","targetHints":{"allow":["GET"]}}],"collection":[{"href":"http:\/\/pernillaodlund.se\/index.php?rest_route=\/wp\/v2\/posts"}],"about":[{"href":"http:\/\/pernillaodlund.se\/index.php?rest_route=\/wp\/v2\/types\/post"}],"author":[{"embeddable":true,"href":"http:\/\/pernillaodlund.se\/index.php?rest_route=\/wp\/v2\/users\/1"}],"replies":[{"embeddable":true,"href":"http:\/\/pernillaodlund.se\/index.php?rest_route=%2Fwp%2Fv2%2Fcomments&post=703"}],"version-history":[{"count":0,"href":"http:\/\/pernillaodlund.se\/index.php?rest_route=\/wp\/v2\/posts\/703\/revisions"}],"wp:attachment":[{"href":"http:\/\/pernillaodlund.se\/index.php?rest_route=%2Fwp%2Fv2%2Fmedia&parent=703"}],"wp:term":[{"taxonomy":"category","embeddable":true,"href":"http:\/\/pernillaodlund.se\/index.php?rest_route=%2Fwp%2Fv2%2Fcategories&post=703"},{"taxonomy":"post_tag","embeddable":true,"href":"http:\/\/pernillaodlund.se\/index.php?rest_route=%2Fwp%2Fv2%2Ftags&post=703"}],"curies":[{"name":"wp","href":"https:\/\/api.w.org\/{rel}","templated":true}]}}