{"id":706,"date":"2011-02-17T14:12:00","date_gmt":"2011-02-17T13:12:00","guid":{"rendered":"http:\/\/pernillaodlund.se\/?p=706"},"modified":"2011-02-17T14:12:00","modified_gmt":"2011-02-17T13:12:00","slug":"avsteg","status":"publish","type":"post","link":"http:\/\/pernillaodlund.se\/?p=706","title":{"rendered":">Avsteg"},"content":{"rendered":"<p>><span style=\"font-family: &quot;Helvetica Neue&quot;, Arial, Helvetica, sans-serif;\">Nu ska jag ge mig in i n\u00e5got som jag i stort sett aldrig diskuterar &#8211; n\u00e4mligen j\u00e4mnlikhet. Jag vet inte om jag \u00e4r<\/span><br \/><span style=\"font-family: &quot;Helvetica Neue&quot;, Arial, Helvetica, sans-serif;\">1. j\u00e4vligt bl\u00e5\u00f6gd<\/span><br \/><span style=\"font-family: &quot;Helvetica Neue&quot;, Arial, Helvetica, sans-serif;\">2. j\u00e4vligt ovanlig<\/span><br \/><span style=\"font-family: &quot;Helvetica Neue&quot;, Arial, Helvetica, sans-serif;\">3. j\u00e4vligt konstig<\/span><\/p>\n<p><span style=\"font-family: &quot;Helvetica Neue&quot;, Arial, Helvetica, sans-serif;\">I alla fall s\u00e5 \u00e4r detta \u00e4mne ovanligt att jag ens t\u00e4nker p\u00e5, har aldrig varit en stor grej f\u00f6r mig och jag funderar lite p\u00e5 varf\u00f6r. N\u00e4r jag v\u00e4xte upp s\u00e5 v\u00e4xte jag upp med en urstark mamma, en storasyster och en lillebror och en pappa. Mamma tj\u00e4nade de mesta pengarna men b\u00e5de mamma och pappa fanns d\u00e4r som n\u00e4rvarande under hela uppv\u00e4xten. Vi hade ocks\u00e5 farmor som kom hem till oss och passade oss n\u00e4r vi var sm\u00e5 och sedan n\u00e4r vi var lite \u00e4ldre kom hon och st\u00e4dade och lagade mat till oss. Farfar kommer jag inte ih\u00e5g &#8211; han dog n\u00e4r jag var mycket liten.<\/span><br \/><span style=\"font-family: &quot;Helvetica Neue&quot;, Arial, Helvetica, sans-serif;\">Jag v\u00e4xte upp och l\u00e4rde mig ta plats och att aldrig n\u00e5gonsin ens reflektera \u00f6ver att kvinnor skulle vara mindre v\u00e4rda eller n\u00e5got s\u00e5nt. Vi var tre starka kvinnor i familjen (vi \u00c4R tre starka kvinnor fortfarande). <\/span><br \/><span style=\"font-family: &quot;Helvetica Neue&quot;, Arial, Helvetica, sans-serif;\">Min man v\u00e4xte visserligen upp p\u00e5 annat vis men \u00e4r uppfostrad i n\u00e5gorlunda samma anda och ser inte p\u00e5 saken p\u00e5 n\u00e5got annat s\u00e4tt \u00e4n jag.<\/span><\/p>\n<p><span style=\"font-family: &quot;Helvetica Neue&quot;, Arial, Helvetica, sans-serif;\">Nu den senaste m\u00e5naden har jag l\u00e4st lite bloggar om just j\u00e4mnlikhet bla:<\/span><br \/><a href=\"http:\/\/zettermark.blogg.se\/index.html\"><span style=\"font-family: &quot;Helvetica Neue&quot;, Arial, Helvetica, sans-serif;\">http:\/\/zettermark.blogg.se\/index.html<\/span><\/a><br \/><a href=\"http:\/\/ladydahmer.se\/index.html\"><span style=\"font-family: &quot;Helvetica Neue&quot;, Arial, Helvetica, sans-serif;\">http:\/\/ladydahmer.se\/index.html<\/span><\/a><br \/><span style=\"font-family: &quot;Helvetica Neue&quot;, Arial, Helvetica, sans-serif;\">och \u00e4ven lite p\u00e5:<\/span><br \/><a href=\"http:\/\/onekligen.blogspot.com\/\"><span style=\"font-family: &quot;Helvetica Neue&quot;, Arial, Helvetica, sans-serif;\">http:\/\/onekligen.blogspot.com\/<\/span><\/a><\/p>\n<p><span style=\"font-family: &quot;Helvetica Neue&quot;, Arial, Helvetica, sans-serif;\">Den h\u00e4r Lady Dahmer k\u00e4nner jag bara \u00e4r helt konstig medans Zettermark \u00e4nd\u00e5 pratar ett spr\u00e5k man kan f\u00f6rst\u00e5 och verkar inte heller s\u00e5 arg hela tiden. Men jag k\u00e4nner inte igen mig i vare sig deras ilska eller deras vardagsbetraktelser. Vad beror det p\u00e5? Min uppv\u00e4xt? Mitt s\u00e4tt att leva? Vad?<\/span><\/p>\n<p><span style=\"font-family: Arial;\">Onekeligen har ett litet tema i sin blogg &#8211; hon bloggar d\u00e5 och d\u00e5 om j\u00e4mnlikhet i vardagen och tar upp s\u00e5dana saker som st\u00e4dning, ta hand om barnen, ekonomi m .m.<\/span><br \/><span style=\"font-family: Arial;\">Jag och min man har ingen millimeter uppdelning av vare sig det ena eller det andra. Jag k\u00e4nner inte att jag \u00e4r kvinna och m\u00e5ste g\u00f6ra vissa saker &#8211; n\u00e4 vi g\u00f6r det vi \u00e4r bra p\u00e5. Och det \u00e4r nog ganska r\u00e4ttvist f\u00f6delat &#8211; om det i s\u00e5 fall \u00e4r n\u00e5gon som g\u00f6r mer s\u00e5 \u00e4r det min man.<\/span><\/p>\n<p><span style=\"font-family: Arial;\">En del av dessa bloggare skriver om att bojkotta kl\u00e4desaff\u00e4rerna som har en tjej- respektive killavdelning f\u00f6r kl\u00e4der f\u00f6r att det ska g\u00f6ras mer unisexa kl\u00e4der. Jag f\u00f6rst\u00e5r faktiskt inte riktigt det h\u00e4r &#8211; kanske jag \u00e4r dum och bl\u00e5\u00f6gd &#8211; men sitter j\u00e4mnlikheten i kl\u00e4derna? Jag fattar inte? <\/span><\/p>\n<p><span style=\"font-family: Arial;\">Zettermark skriver s\u00e5h\u00e4r i sin blogg idag:<\/span><br \/><em><span style=\"font-family: &quot;Helvetica Neue&quot;, Arial, Helvetica, sans-serif;\">Kvinnor v\u00e4xer upp med att h\u00f6ra att v\u00e5r livsuppgift \u00e4r att k\u00e4nna oss speciella i en mans armar. M\u00e4n v\u00e4xer upp med att h\u00f6ra att de ska er\u00f6vra v\u00e4rlden.<\/span><\/em><\/p>\n<p><span style=\"font-family: Arial;\">VA? Ingen jag k\u00e4nner uppfostrar sina barn s\u00e5 h\u00e4r. INGEN!! <\/span><\/p>\n<p><span style=\"font-family: Arial;\">Lady Dahmer skrev f\u00f6r n\u00e5gra veckor sedan att&nbsp;vi l\u00e4r v\u00e5ra flickor fr\u00e5n den dagen de f\u00f6ds att det \u00e4r viktigt att se bra ut. <\/span><\/p>\n<p><span style=\"font-family: Arial;\">VA? Vem g\u00f6r det? Ingen jag k\u00e4nner i alla fall.&nbsp;<\/span><\/p>\n","protected":false},"excerpt":{"rendered":"<p>>Nu ska jag ge mig in i n\u00e5got som jag i stort sett aldrig diskuterar &#8211; n\u00e4mligen j\u00e4mnlikhet. Jag vet inte om jag \u00e4r1. j\u00e4vligt bl\u00e5\u00f6gd2. j\u00e4vligt ovanlig3. j\u00e4vligt konstig I alla fall s\u00e5 \u00e4r detta \u00e4mne ovanligt att jag &hellip; <a href=\"http:\/\/pernillaodlund.se\/?p=706\">L\u00e4s mer <span class=\"meta-nav\">&rarr;<\/span><\/a><\/p>\n","protected":false},"author":1,"featured_media":0,"comment_status":"open","ping_status":"open","sticky":false,"template":"","format":"standard","meta":{"om_disable_all_campaigns":false,"_monsterinsights_skip_tracking":false,"_monsterinsights_sitenote_active":false,"_monsterinsights_sitenote_note":"","_monsterinsights_sitenote_category":0,"footnotes":""},"categories":[1],"tags":[],"class_list":["post-706","post","type-post","status-publish","format-standard","hentry","category-uncategorized"],"aioseo_notices":[],"_links":{"self":[{"href":"http:\/\/pernillaodlund.se\/index.php?rest_route=\/wp\/v2\/posts\/706","targetHints":{"allow":["GET"]}}],"collection":[{"href":"http:\/\/pernillaodlund.se\/index.php?rest_route=\/wp\/v2\/posts"}],"about":[{"href":"http:\/\/pernillaodlund.se\/index.php?rest_route=\/wp\/v2\/types\/post"}],"author":[{"embeddable":true,"href":"http:\/\/pernillaodlund.se\/index.php?rest_route=\/wp\/v2\/users\/1"}],"replies":[{"embeddable":true,"href":"http:\/\/pernillaodlund.se\/index.php?rest_route=%2Fwp%2Fv2%2Fcomments&post=706"}],"version-history":[{"count":0,"href":"http:\/\/pernillaodlund.se\/index.php?rest_route=\/wp\/v2\/posts\/706\/revisions"}],"wp:attachment":[{"href":"http:\/\/pernillaodlund.se\/index.php?rest_route=%2Fwp%2Fv2%2Fmedia&parent=706"}],"wp:term":[{"taxonomy":"category","embeddable":true,"href":"http:\/\/pernillaodlund.se\/index.php?rest_route=%2Fwp%2Fv2%2Fcategories&post=706"},{"taxonomy":"post_tag","embeddable":true,"href":"http:\/\/pernillaodlund.se\/index.php?rest_route=%2Fwp%2Fv2%2Ftags&post=706"}],"curies":[{"name":"wp","href":"https:\/\/api.w.org\/{rel}","templated":true}]}}