{"id":707,"date":"2011-02-19T10:38:00","date_gmt":"2011-02-19T09:38:00","guid":{"rendered":"http:\/\/pernillaodlund.se\/?p=707"},"modified":"2011-02-19T10:38:00","modified_gmt":"2011-02-19T09:38:00","slug":"besviken-och-ledsen","status":"publish","type":"post","link":"http:\/\/pernillaodlund.se\/?p=707","title":{"rendered":">Besviken och ledsen"},"content":{"rendered":"<p>><span style=\"font-family: &quot;Helvetica Neue&quot;, Arial, Helvetica, sans-serif;\">Jag vet att jag skrivit f\u00f6rrut att jag ska sluta vara s\u00e5 sn\u00e4ll &#8230; har till och med f\u00f6r mig att jag gav mig sj\u00e4lv ett ny\u00e5rsl\u00f6fe. Jag m\u00e5ste vara lite mer sn\u00e4ll mot mig sj\u00e4lv. <\/span><br \/><span style=\"font-family: &quot;Helvetica Neue&quot;, Arial, Helvetica, sans-serif;\">Jag \u00e4r besviken och ledsen \u00f6ver att bli utnyttjad. Det \u00e4r s\u00e5 praktiskt att jag k\u00f6r, skjutsar, fixar och har mig &#8230; vad f\u00e5r jag i geng\u00e4ld? Att bli l\u00e4mnad p\u00e5 utsidan och inte f\u00e5 vara med.<\/span><br \/><span style=\"font-family: &quot;Helvetica Neue&quot;, Arial, Helvetica, sans-serif;\">HERREGUD jag k\u00e4nner mig som en fem\u00e5ring ibland. Det finns vissa personer som f\u00e5r mig att k\u00e4nna mig som en fem\u00e5ring. Nu h\u00f6r jag min systers r\u00f6st inne i mitt huvud &#8211; att det faktiskt \u00e4r JAG som L\u00c5TER dem f\u00e5 mig att k\u00e4nna mig som en fem\u00e5ring. MEN det \u00e4r inte s\u00e5 l\u00e4tt.&nbsp;Okej &#8211; sis &#8211; JAG l\u00e5ter dem inte g\u00f6ra s\u00e5 h\u00e4r n\u00e5got mer. Fast det betyder ju bara helt enkelt att inte uts\u00e4tta sig f\u00f6r just exakt det s\u00e4llskapet \u00f6ht. V\u00e4lja bort vissa m\u00e4nniskor helt enkelt. V\u00e4lja bort dem som stj\u00e4l energi och utnyttjar.<\/span><\/p>\n<p><span style=\"font-family: &quot;Helvetica Neue&quot;, Arial, Helvetica, sans-serif;\">Jag vet att jag har sv\u00e5rt f\u00f6r vissa saker, sv\u00e5rt att k\u00e4nna mig utanf\u00f6r samtidigt som jag inte klarar av att beg\u00e4ra att jag f\u00e5r vara med p\u00e5 ett tydligt s\u00e4tt. Vill att folk ska VILJA ha mig med &#8211; inte beh\u00f6va be om det. Och visst det \u00e4r MITT problem som jag borde ta itu med (hur man nu g\u00f6r det?)<\/span><\/p>\n","protected":false},"excerpt":{"rendered":"<p>>Jag vet att jag skrivit f\u00f6rrut att jag ska sluta vara s\u00e5 sn\u00e4ll &#8230; har till och med f\u00f6r mig att jag gav mig sj\u00e4lv ett ny\u00e5rsl\u00f6fe. Jag m\u00e5ste vara lite mer sn\u00e4ll mot mig sj\u00e4lv. Jag \u00e4r besviken och &hellip; <a href=\"http:\/\/pernillaodlund.se\/?p=707\">L\u00e4s mer <span class=\"meta-nav\">&rarr;<\/span><\/a><\/p>\n","protected":false},"author":1,"featured_media":0,"comment_status":"open","ping_status":"open","sticky":false,"template":"","format":"standard","meta":{"om_disable_all_campaigns":false,"_monsterinsights_skip_tracking":false,"_monsterinsights_sitenote_active":false,"_monsterinsights_sitenote_note":"","_monsterinsights_sitenote_category":0,"footnotes":""},"categories":[1],"tags":[],"class_list":["post-707","post","type-post","status-publish","format-standard","hentry","category-uncategorized"],"aioseo_notices":[],"_links":{"self":[{"href":"http:\/\/pernillaodlund.se\/index.php?rest_route=\/wp\/v2\/posts\/707","targetHints":{"allow":["GET"]}}],"collection":[{"href":"http:\/\/pernillaodlund.se\/index.php?rest_route=\/wp\/v2\/posts"}],"about":[{"href":"http:\/\/pernillaodlund.se\/index.php?rest_route=\/wp\/v2\/types\/post"}],"author":[{"embeddable":true,"href":"http:\/\/pernillaodlund.se\/index.php?rest_route=\/wp\/v2\/users\/1"}],"replies":[{"embeddable":true,"href":"http:\/\/pernillaodlund.se\/index.php?rest_route=%2Fwp%2Fv2%2Fcomments&post=707"}],"version-history":[{"count":0,"href":"http:\/\/pernillaodlund.se\/index.php?rest_route=\/wp\/v2\/posts\/707\/revisions"}],"wp:attachment":[{"href":"http:\/\/pernillaodlund.se\/index.php?rest_route=%2Fwp%2Fv2%2Fmedia&parent=707"}],"wp:term":[{"taxonomy":"category","embeddable":true,"href":"http:\/\/pernillaodlund.se\/index.php?rest_route=%2Fwp%2Fv2%2Fcategories&post=707"},{"taxonomy":"post_tag","embeddable":true,"href":"http:\/\/pernillaodlund.se\/index.php?rest_route=%2Fwp%2Fv2%2Ftags&post=707"}],"curies":[{"name":"wp","href":"https:\/\/api.w.org\/{rel}","templated":true}]}}