{"id":708,"date":"2011-02-19T10:46:00","date_gmt":"2011-02-19T09:46:00","guid":{"rendered":"http:\/\/pernillaodlund.se\/?p=708"},"modified":"2011-02-19T10:46:00","modified_gmt":"2011-02-19T09:46:00","slug":"vi-trivs-inte","status":"publish","type":"post","link":"http:\/\/pernillaodlund.se\/?p=708","title":{"rendered":">Vi trivs inte"},"content":{"rendered":"<p>><span style=\"font-family: &quot;Helvetica Neue&quot;, Arial, Helvetica, sans-serif;\">Jag och Emma trivs inte p\u00e5 stallet. Vi tycker det \u00e4r f\u00f6r stort, opersonligt, bry\u00e5kratiskt och fullt med stroppiga &#8221;dressyrtanter&#8221;. Vi ser inte p\u00e5 h\u00e4star p\u00e5 samma s\u00e4tt som merparten av de som har h\u00e4st d\u00e4r g\u00f6r. Tv\u00e5 ridhus, alla faciliteter och n\u00e4ra till stallet v\u00e4ger inte p\u00e5 l\u00e5nga v\u00e4gar upp otrivseln. Inte ens f\u00f6r Emma. Jag trodde nog att hon skulle trivas &#8211; kunna tr\u00e4na och k\u00e4nna sig n\u00f6jd \u00f6ver det men hon trivs nog minst av oss. Fast hon har ju \u00e5 andra sidan i alla fall sin ridning. Jag klarar ju inte ens av att rida l\u00e4ngre. Vi M\u00c5STE hitta n\u00e5got st\u00e4lle d\u00e4r vi kan f\u00e5 m\u00e5 bra. Ett st\u00e4lle d\u00e4r h\u00e4starna f\u00e5r komma i f\u00f6rsta hand. D\u00e4r de kan f\u00e5 g\u00e5 ute hela dagarna med tillg\u00e5ng till b\u00e5de mat och vatten, d\u00e4r det \u00e4nd\u00e5 finns m\u00f6jlighet att tr\u00e4na och som INTE kostar skjortan och lite till. Fattar verkligen inte att ett s\u00e5nt st\u00e4lle inte ens verkar existera. Jo men inte inom rimligt avst\u00e5nd. Kanske jag m\u00e5ste inse det och s\u00e5 f\u00e5r vi \u00e5ka lite l\u00e4ngre i alla fall?<\/span><br \/><span style=\"font-family: Arial;\">Vi var och kollade ett st\u00e4lle f\u00f6rra s\u00f6ndagen &#8211; mycket verkade s\u00e5 bra men dels hade dom superleriga sm\u00e5 f\u00e5llor till hagar och dels var h\u00e4starna aldrig ute l\u00e4ngre \u00e4n till 15 (oavsett \u00e5rstid). Plus att det var svartm\u00f6gel i hela taket p\u00e5 hela stallet. <\/span><\/p>\n","protected":false},"excerpt":{"rendered":"<p>>Jag och Emma trivs inte p\u00e5 stallet. Vi tycker det \u00e4r f\u00f6r stort, opersonligt, bry\u00e5kratiskt och fullt med stroppiga &#8221;dressyrtanter&#8221;. Vi ser inte p\u00e5 h\u00e4star p\u00e5 samma s\u00e4tt som merparten av de som har h\u00e4st d\u00e4r g\u00f6r. Tv\u00e5 ridhus, alla &hellip; <a href=\"http:\/\/pernillaodlund.se\/?p=708\">L\u00e4s mer <span class=\"meta-nav\">&rarr;<\/span><\/a><\/p>\n","protected":false},"author":1,"featured_media":0,"comment_status":"open","ping_status":"open","sticky":false,"template":"","format":"standard","meta":{"om_disable_all_campaigns":false,"_monsterinsights_skip_tracking":false,"_monsterinsights_sitenote_active":false,"_monsterinsights_sitenote_note":"","_monsterinsights_sitenote_category":0,"footnotes":""},"categories":[1],"tags":[],"class_list":["post-708","post","type-post","status-publish","format-standard","hentry","category-uncategorized"],"aioseo_notices":[],"_links":{"self":[{"href":"http:\/\/pernillaodlund.se\/index.php?rest_route=\/wp\/v2\/posts\/708","targetHints":{"allow":["GET"]}}],"collection":[{"href":"http:\/\/pernillaodlund.se\/index.php?rest_route=\/wp\/v2\/posts"}],"about":[{"href":"http:\/\/pernillaodlund.se\/index.php?rest_route=\/wp\/v2\/types\/post"}],"author":[{"embeddable":true,"href":"http:\/\/pernillaodlund.se\/index.php?rest_route=\/wp\/v2\/users\/1"}],"replies":[{"embeddable":true,"href":"http:\/\/pernillaodlund.se\/index.php?rest_route=%2Fwp%2Fv2%2Fcomments&post=708"}],"version-history":[{"count":0,"href":"http:\/\/pernillaodlund.se\/index.php?rest_route=\/wp\/v2\/posts\/708\/revisions"}],"wp:attachment":[{"href":"http:\/\/pernillaodlund.se\/index.php?rest_route=%2Fwp%2Fv2%2Fmedia&parent=708"}],"wp:term":[{"taxonomy":"category","embeddable":true,"href":"http:\/\/pernillaodlund.se\/index.php?rest_route=%2Fwp%2Fv2%2Fcategories&post=708"},{"taxonomy":"post_tag","embeddable":true,"href":"http:\/\/pernillaodlund.se\/index.php?rest_route=%2Fwp%2Fv2%2Ftags&post=708"}],"curies":[{"name":"wp","href":"https:\/\/api.w.org\/{rel}","templated":true}]}}