{"id":710,"date":"2011-02-20T20:22:00","date_gmt":"2011-02-20T19:22:00","guid":{"rendered":"http:\/\/pernillaodlund.se\/?p=710"},"modified":"2011-02-20T20:22:00","modified_gmt":"2011-02-20T19:22:00","slug":"lilla-gra","status":"publish","type":"post","link":"http:\/\/pernillaodlund.se\/?p=710","title":{"rendered":">Lilla gr\u00e5"},"content":{"rendered":"<p>><span style=\"font-family: &quot;Helvetica Neue&quot;, Arial, Helvetica, sans-serif;\">J\u00f6sses denna blogg har blivit v\u00e4rsta gn\u00e4ll-muren \ud83d\ude41<\/span><\/p>\n<p><span style=\"font-family: &quot;Helvetica Neue&quot;, Arial, Helvetica, sans-serif;\">Idag m\u00e5r i alla fall Nido mycket b\u00e4ttre. Tempen har sjunkit undan f\u00f6r undan under dagens lopp och f\u00f6r n\u00e5gon timme sedan, n\u00e4r vi var d\u00e4r p\u00e5 en sista check, var den nere i under 38 och d\u00e5 \u00e4r det definitivt ingen feber l\u00e4ngre. Han f\u00e5r g\u00e5 ut halvdag imorgon.<\/span><\/p>\n<p><span style=\"font-family: &quot;Helvetica Neue&quot;, Arial, Helvetica, sans-serif;\">Kursen f\u00f6r Ann-Sofie Oscarsson, som Cuba deltagit i med sin medryttare, var verkligen superbra. Dock k\u00e4ndes det hela tiden som man var s\u00e5 himla ledsen &#8211; bara f\u00f6r att Emma inte kunde vara med. Det var s\u00e5 delat &#8211; dels \u00e4r det ju j\u00e4tteroligt att Cuba f\u00e5r vara med och allt hon fick l\u00e4ra sig och dels s\u00e5 ville jag bara \u00e5ka hem och gr\u00e5ta f\u00f6r Emmas skull. Jobbigt n\u00e4r man k\u00e4nner s\u00e5 mycket \u00e5t b\u00e5da h\u00e5llen &#8230;<\/span><\/p>\n<div class=\"separator\" style=\"clear: both; text-align: center;\"><a href=\"http:\/\/4.bp.blogspot.com\/-vSfmB8kOmM8\/TWFqveLNE1I\/AAAAAAAAB2o\/vJ50O9MpI8Y\/s1600\/DSC_0188_xx.jpg\" imageanchor=\"1\" style=\"margin-left: 1em; margin-right: 1em;\"><img loading=\"lazy\" decoding=\"async\" border=\"0\" height=\"275\" j6=\"true\" src=\"http:\/\/4.bp.blogspot.com\/-vSfmB8kOmM8\/TWFqveLNE1I\/AAAAAAAAB2o\/vJ50O9MpI8Y\/s400\/DSC_0188_xx.jpg\" width=\"400\" \/><\/a><\/div>\n<div style=\"text-align: center;\"><span style=\"font-family: &quot;Helvetica Neue&quot;, Arial, Helvetica, sans-serif; font-size: x-small;\"><em>Cuba och Maja idag \ud83d\ude42<\/em><\/span><\/div>\n<div class=\"separator\" style=\"clear: both; text-align: center;\"><\/div>\n<p><span style=\"font-family: &quot;Helvetica Neue&quot;, Arial, Helvetica, sans-serif;\">I morgon ringer jag en vet &#8230; kan inte best\u00e4mma mig f\u00f6r om jag ska ringa v\u00e5r vanliga eller till kliniken. Det \u00e4r ju enklare om man slipper \u00e5ka iv\u00e4g men jag gillar personalen p\u00e5 kliniken men i och f\u00f6r sig gillar jag v\u00e5r vanliga vet ocks\u00e5.<\/span><\/p>\n<p><span style=\"font-family: &quot;Helvetica Neue&quot;, Arial, Helvetica, sans-serif;\">P\u00e5 tisdag \u00e5ker vi till Fredrik B\u00f6hling-tr\u00e4ning men det f\u00e5r ju bli med Cuba ist\u00e4llet f\u00f6r med Nido. Vi har ocks\u00e5 avanm\u00e4lt t\u00e4vlinge p\u00e5 Eskilstuna (d\u00e4r Emma skulle ha debuterat i 1m) f\u00f6r det k\u00e4nns inte sjysst mot vare sig ponny eller ryttare att inte hinna f\u00f6rbereda sig ordentligt. Han m\u00e5ste ju f\u00e5 en chans att verkligen bli helt bra OCH hinna med att tr\u00e4na ett antal g\u00e5nger. Det finns en ny chans den 13 mars &#8230; men d\u00e5 \u00e4r det dressyrt\u00e4vling den 14 mars inbokat &#8230; s\u00e5 vi f\u00e5r se.<\/span><\/p>\n","protected":false},"excerpt":{"rendered":"<p>>J\u00f6sses denna blogg har blivit v\u00e4rsta gn\u00e4ll-muren \ud83d\ude41 Idag m\u00e5r i alla fall Nido mycket b\u00e4ttre. Tempen har sjunkit undan f\u00f6r undan under dagens lopp och f\u00f6r n\u00e5gon timme sedan, n\u00e4r vi var d\u00e4r p\u00e5 en sista check, var den &hellip; <a href=\"http:\/\/pernillaodlund.se\/?p=710\">L\u00e4s mer <span class=\"meta-nav\">&rarr;<\/span><\/a><\/p>\n","protected":false},"author":1,"featured_media":0,"comment_status":"open","ping_status":"open","sticky":false,"template":"","format":"standard","meta":{"om_disable_all_campaigns":false,"_monsterinsights_skip_tracking":false,"_monsterinsights_sitenote_active":false,"_monsterinsights_sitenote_note":"","_monsterinsights_sitenote_category":0,"footnotes":""},"categories":[1],"tags":[],"class_list":["post-710","post","type-post","status-publish","format-standard","hentry","category-uncategorized"],"aioseo_notices":[],"_links":{"self":[{"href":"http:\/\/pernillaodlund.se\/index.php?rest_route=\/wp\/v2\/posts\/710","targetHints":{"allow":["GET"]}}],"collection":[{"href":"http:\/\/pernillaodlund.se\/index.php?rest_route=\/wp\/v2\/posts"}],"about":[{"href":"http:\/\/pernillaodlund.se\/index.php?rest_route=\/wp\/v2\/types\/post"}],"author":[{"embeddable":true,"href":"http:\/\/pernillaodlund.se\/index.php?rest_route=\/wp\/v2\/users\/1"}],"replies":[{"embeddable":true,"href":"http:\/\/pernillaodlund.se\/index.php?rest_route=%2Fwp%2Fv2%2Fcomments&post=710"}],"version-history":[{"count":0,"href":"http:\/\/pernillaodlund.se\/index.php?rest_route=\/wp\/v2\/posts\/710\/revisions"}],"wp:attachment":[{"href":"http:\/\/pernillaodlund.se\/index.php?rest_route=%2Fwp%2Fv2%2Fmedia&parent=710"}],"wp:term":[{"taxonomy":"category","embeddable":true,"href":"http:\/\/pernillaodlund.se\/index.php?rest_route=%2Fwp%2Fv2%2Fcategories&post=710"},{"taxonomy":"post_tag","embeddable":true,"href":"http:\/\/pernillaodlund.se\/index.php?rest_route=%2Fwp%2Fv2%2Ftags&post=710"}],"curies":[{"name":"wp","href":"https:\/\/api.w.org\/{rel}","templated":true}]}}