{"id":725,"date":"2011-03-08T22:54:00","date_gmt":"2011-03-08T21:54:00","guid":{"rendered":"http:\/\/pernillaodlund.se\/?p=725"},"modified":"2011-03-08T22:54:00","modified_gmt":"2011-03-08T21:54:00","slug":"det-kom-ett-svar","status":"publish","type":"post","link":"http:\/\/pernillaodlund.se\/?p=725","title":{"rendered":">Det kom ett svar"},"content":{"rendered":"<p>><span style=\"font-family: &quot;Helvetica Neue&quot;, Arial, Helvetica, sans-serif;\">F\u00f6ljande kommentar ramlade ner idag:<\/span><\/p>\n<p><span style=\"color: red; font-family: &quot;Helvetica Neue&quot;, Arial, Helvetica, sans-serif;\"><em>Maria Larsson sa&#8230; <\/em><\/span><span style=\"font-family: &quot;Helvetica Neue&quot;, Arial, Helvetica, sans-serif;\"><br \/><em><span style=\"color: red;\"><\/span><\/em><\/span><br \/><span style=\"color: red; font-family: &quot;Helvetica Neue&quot;, Arial, Helvetica, sans-serif;\"><em>Hej! <\/em><\/span><span style=\"font-family: &quot;Helvetica Neue&quot;, Arial, Helvetica, sans-serif;\"><br \/><em><span style=\"color: red;\"><\/span><\/em><\/span><br \/><span style=\"color: red; font-family: &quot;Helvetica Neue&quot;, Arial, Helvetica, sans-serif;\"><em>Du f\u00f6rst\u00e5r att s\u00e5dant som du h\u00e5ller p\u00e5 med kan g\u00e5 till advokat eller polisanm\u00e4las? <\/em><\/span><span style=\"font-family: &quot;Helvetica Neue&quot;, Arial, Helvetica, sans-serif;\"><br \/><em><span style=\"color: red;\"><\/span><\/em><\/span><br \/><span style=\"color: red; font-family: &quot;Helvetica Neue&quot;, Arial, Helvetica, sans-serif;\"><em>Mvh Maria Larsson <\/em><\/span><\/p>\n<p><span style=\"font-family: &quot;Helvetica Neue&quot;, Arial, Helvetica, sans-serif;\">Hmm &#8230; nu undrar jag &#8211; \u00e4r det mitt ursprungliga inl\u00e4gg som ska polisanm\u00e4las eller n\u00e5gon av de andra kommentarerna? Mitt inl\u00e4gg \u00e4r MIN reflektion och ber\u00e4ttelse om hur det gick till n\u00e4r jag blev lurad av Camilla Andersson Fuller, Team Caf. DET kan absolut inte polisanm\u00e4las. Allt jag har skrivit \u00e4r dessutom till 100% sant s\u00e5 det kan inte ens kategoriseras som f\u00f6rtal. <\/span><\/p>\n<p><span style=\"font-family: Arial;\">Ytterligare kommentarer ramlar lite d\u00e5 och d\u00e5 ner i just det inl\u00e4gget. Bla f\u00f6ljande:<\/span><\/p>\n<p><span style=\"color: red; font-family: &quot;Helvetica Neue&quot;, Arial, Helvetica, sans-serif;\"><em>Verkar som ni allihoppa har varit missn\u00f6jda med era h\u00e4star, men ist\u00e4llet f\u00f6r att s\u00e4ga det s\u00e5 skyller ni p\u00e5 dolda fel eller l\u00e5tsas att h\u00e4sten var eran b\u00e4sta v\u00e4n. Gud s\u00e5 patetiskt, ibland undrar man vilken v\u00e4rld man lever i. Det som ovanst\u00e5ende s\u00e4ger st\u00e4mmer absolut inte, hela processen f\u00f6rvrids v\u00e4ldigt mycket utav personen. Sj\u00e4lv s\u00e5 gjorde jag ett fantastiskt k\u00f6p p\u00e5 Team Caf, ett k\u00f6p som jag aldrig kommer att \u00e5ngra. Camilla \u00e4r en toppen person att jobba ihop med, en person som man verkligen kan lita p\u00e5. Har aldrig h\u00f6rt ett ond ord om henne. S\u00e5 l\u00e4gg ner med erat skitsnack!! Ni \u00e4r v\u00e4l inga 15 \u00e5ringar heller? <\/em><\/span><\/p>\n<p><span style=\"color: black; font-family: Arial;\">N\u00e4d\u00e5, jag \u00e4r inte 15 \u00e5r. Det var absolut inte n\u00e5got fel p\u00e5 min h\u00e4st, men d\u00e4remot p\u00e5 mig. JAG skadade mitt kn\u00e4 och kunde inte l\u00e4ngre rida. Ska jag d\u00e5 beh\u00e5lla min h\u00e4st som s\u00e4llskap eller? En h\u00e4st som jag bara 8 m\u00e5nader tidigare hade k\u00f6pt f\u00f6r dyra pengar. N\u00e4 skulle inte tro det. \u00c4r det d\u00e5 konstigt att man vill ha betalt f\u00f6r det som man kommit \u00f6verens om? N\u00e4 skulle inte tro det heller. Bara f\u00f6r att just DU inte har h\u00f6rt n\u00e5got illa om henne s\u00e5 betyder v\u00e4l inte det att hon \u00e4r en \u00e4ngel? Att k\u00f6pa en h\u00e4st av henne vet jag flera som gjort och som \u00e4r n\u00f6jda. Att s\u00e4lja en h\u00e4st via henne \u00e4r en helt annan sak och jag vet&nbsp;fler som blivit lurade. S\u00e5 tr\u00e5kigt \ud83d\ude41 <\/span><br \/><span style=\"color: black; font-family: Arial;\">Att skiljas fr\u00e5n sina \u00e4lskade djur \u00e4r jobbigt i sig och att d\u00e5 ocks\u00e5 bli lurad g\u00f6r det hela \u00e4nnu v\u00e4rre.<\/span><\/p>\n","protected":false},"excerpt":{"rendered":"<p>>F\u00f6ljande kommentar ramlade ner idag: Maria Larsson sa&#8230; Hej! Du f\u00f6rst\u00e5r att s\u00e5dant som du h\u00e5ller p\u00e5 med kan g\u00e5 till advokat eller polisanm\u00e4las? Mvh Maria Larsson Hmm &#8230; nu undrar jag &#8211; \u00e4r det mitt ursprungliga inl\u00e4gg som ska &hellip; <a href=\"http:\/\/pernillaodlund.se\/?p=725\">L\u00e4s mer <span class=\"meta-nav\">&rarr;<\/span><\/a><\/p>\n","protected":false},"author":1,"featured_media":0,"comment_status":"open","ping_status":"open","sticky":false,"template":"","format":"standard","meta":{"om_disable_all_campaigns":false,"_monsterinsights_skip_tracking":false,"_monsterinsights_sitenote_active":false,"_monsterinsights_sitenote_note":"","_monsterinsights_sitenote_category":0,"footnotes":""},"categories":[1],"tags":[],"class_list":["post-725","post","type-post","status-publish","format-standard","hentry","category-uncategorized"],"aioseo_notices":[],"_links":{"self":[{"href":"http:\/\/pernillaodlund.se\/index.php?rest_route=\/wp\/v2\/posts\/725","targetHints":{"allow":["GET"]}}],"collection":[{"href":"http:\/\/pernillaodlund.se\/index.php?rest_route=\/wp\/v2\/posts"}],"about":[{"href":"http:\/\/pernillaodlund.se\/index.php?rest_route=\/wp\/v2\/types\/post"}],"author":[{"embeddable":true,"href":"http:\/\/pernillaodlund.se\/index.php?rest_route=\/wp\/v2\/users\/1"}],"replies":[{"embeddable":true,"href":"http:\/\/pernillaodlund.se\/index.php?rest_route=%2Fwp%2Fv2%2Fcomments&post=725"}],"version-history":[{"count":0,"href":"http:\/\/pernillaodlund.se\/index.php?rest_route=\/wp\/v2\/posts\/725\/revisions"}],"wp:attachment":[{"href":"http:\/\/pernillaodlund.se\/index.php?rest_route=%2Fwp%2Fv2%2Fmedia&parent=725"}],"wp:term":[{"taxonomy":"category","embeddable":true,"href":"http:\/\/pernillaodlund.se\/index.php?rest_route=%2Fwp%2Fv2%2Fcategories&post=725"},{"taxonomy":"post_tag","embeddable":true,"href":"http:\/\/pernillaodlund.se\/index.php?rest_route=%2Fwp%2Fv2%2Ftags&post=725"}],"curies":[{"name":"wp","href":"https:\/\/api.w.org\/{rel}","templated":true}]}}