{"id":726,"date":"2011-03-10T19:13:00","date_gmt":"2011-03-10T18:13:00","guid":{"rendered":"http:\/\/pernillaodlund.se\/?p=726"},"modified":"2011-03-10T19:13:00","modified_gmt":"2011-03-10T18:13:00","slug":"dagarna-flyter-pa","status":"publish","type":"post","link":"http:\/\/pernillaodlund.se\/?p=726","title":{"rendered":">Dagarna flyter p\u00e5"},"content":{"rendered":"<p>><span style=\"font-family: &quot;Helvetica Neue&quot;, Arial, Helvetica, sans-serif;\">Jaha s\u00e5 har det snart g\u00e5tt en vecka sedan vi flyttade in. Allt rullar p\u00e5 och vi trivs v\u00e4\u00e4ldigt bra. Och h\u00e4starna verkar ocks\u00e5 trivas \ud83d\ude42<\/span><\/p>\n<p><span style=\"font-family: &quot;Helvetica Neue&quot;, Arial, Helvetica, sans-serif;\">I tisdags var Emma iv\u00e4g och red en lektion p\u00e5 Botkyrka ridskola &#8211; ist\u00e4llet f\u00f6r en tjej som \u00e4r bortrest. Hon fick rida fina lilla Nikita. Som \u00e4r som en kopia av Kakan &#8211; bara lite st\u00f6rre. Hon blev v\u00e4ldigt f\u00f6rtjust och sa efter\u00e5t att Nikita inte bara ser ut som Kakan han k\u00e4ndes lite som Kakan ocks\u00e5 \ud83d\ude42<\/span><\/p>\n<p><span style=\"font-family: &quot;Helvetica Neue&quot;, Arial, Helvetica, sans-serif;\">Ig\u00e5r \u00e5kte vi iv\u00e4g p\u00e5 lagtr\u00e4ning och det gick ganska s\u00e5 bra. Dock var underlaget ett annat mot vad lilla gr\u00e5 \u00e4r van vid s\u00e5 det blev r\u00e4tt halt och han sladdar ju lite l\u00e4tt med bakbenen n\u00e4r han drar mot hindrena. <\/span><\/p>\n<p><span style=\"font-family: &quot;Helvetica Neue&quot;, Arial, Helvetica, sans-serif;\">I morgon \u00e5ker vi till Stav f\u00f6r att sko dom k\u00e4ra sm\u00e5 h\u00e4stisarna.<\/span><\/p>\n<p><span style=\"font-family: &quot;Helvetica Neue&quot;, Arial, Helvetica, sans-serif;\">Och p\u00e5 l\u00f6rdag \u00e4r det eftermiddagst\u00e4vling i dressyr p\u00e5 Farsta. Dit tar vi med oss b\u00e5da ponnysarna \ud83d\ude42<\/span><\/p>\n","protected":false},"excerpt":{"rendered":"<p>>Jaha s\u00e5 har det snart g\u00e5tt en vecka sedan vi flyttade in. Allt rullar p\u00e5 och vi trivs v\u00e4\u00e4ldigt bra. Och h\u00e4starna verkar ocks\u00e5 trivas \ud83d\ude42 I tisdags var Emma iv\u00e4g och red en lektion p\u00e5 Botkyrka ridskola &#8211; ist\u00e4llet &hellip; <a href=\"http:\/\/pernillaodlund.se\/?p=726\">L\u00e4s mer <span class=\"meta-nav\">&rarr;<\/span><\/a><\/p>\n","protected":false},"author":1,"featured_media":0,"comment_status":"open","ping_status":"open","sticky":false,"template":"","format":"standard","meta":{"om_disable_all_campaigns":false,"_monsterinsights_skip_tracking":false,"_monsterinsights_sitenote_active":false,"_monsterinsights_sitenote_note":"","_monsterinsights_sitenote_category":0,"footnotes":""},"categories":[1],"tags":[],"class_list":["post-726","post","type-post","status-publish","format-standard","hentry","category-uncategorized"],"aioseo_notices":[],"_links":{"self":[{"href":"http:\/\/pernillaodlund.se\/index.php?rest_route=\/wp\/v2\/posts\/726","targetHints":{"allow":["GET"]}}],"collection":[{"href":"http:\/\/pernillaodlund.se\/index.php?rest_route=\/wp\/v2\/posts"}],"about":[{"href":"http:\/\/pernillaodlund.se\/index.php?rest_route=\/wp\/v2\/types\/post"}],"author":[{"embeddable":true,"href":"http:\/\/pernillaodlund.se\/index.php?rest_route=\/wp\/v2\/users\/1"}],"replies":[{"embeddable":true,"href":"http:\/\/pernillaodlund.se\/index.php?rest_route=%2Fwp%2Fv2%2Fcomments&post=726"}],"version-history":[{"count":0,"href":"http:\/\/pernillaodlund.se\/index.php?rest_route=\/wp\/v2\/posts\/726\/revisions"}],"wp:attachment":[{"href":"http:\/\/pernillaodlund.se\/index.php?rest_route=%2Fwp%2Fv2%2Fmedia&parent=726"}],"wp:term":[{"taxonomy":"category","embeddable":true,"href":"http:\/\/pernillaodlund.se\/index.php?rest_route=%2Fwp%2Fv2%2Fcategories&post=726"},{"taxonomy":"post_tag","embeddable":true,"href":"http:\/\/pernillaodlund.se\/index.php?rest_route=%2Fwp%2Fv2%2Ftags&post=726"}],"curies":[{"name":"wp","href":"https:\/\/api.w.org\/{rel}","templated":true}]}}