{"id":732,"date":"2011-03-17T09:48:00","date_gmt":"2011-03-17T08:48:00","guid":{"rendered":"http:\/\/pernillaodlund.se\/?p=732"},"modified":"2011-03-17T09:48:00","modified_gmt":"2011-03-17T08:48:00","slug":"long-time","status":"publish","type":"post","link":"http:\/\/pernillaodlund.se\/?p=732","title":{"rendered":">Long time"},"content":{"rendered":"<p>><span style=\"font-family: &quot;Helvetica Neue&quot;, Arial, Helvetica, sans-serif;\">Jaha vad har jag pysslat med i veckan d\u00e5? Jo mest har jag pysslat med att pyssla om sonen efter hans operation. Han \u00e4r svullen i ansiktet och har ont, stackarn \ud83d\ude41 Fast kanske det har v\u00e4nt lite nu f\u00f6r inatt verkar han ha sovit ordentligt och det \u00e4r ju alltid ett gott tecken.<\/span><\/p>\n<p><span style=\"font-family: &quot;Helvetica Neue&quot;, Arial, Helvetica, sans-serif;\">Vad g\u00e4ller h\u00e4star, stall och s\u00e5nt s\u00e5 har det varit ovanligt lugnt. I m\u00e5ndags var jag helt ledig fr\u00e5n stallet &#8211; Emma och v\u00e5r medryttare tog hand om h\u00e4star och stall. I tisdags tog Emma med sig en annan kompis till stallet s\u00e5 d\u00e5 fixade jag mockning och mat medans dom red. Och ig\u00e5r var det som vanligt dags f\u00f6r hopp-tr\u00e4ning p\u00e5 BRS. Det gick v\u00e4\u00e4ldigt bra f\u00f6r b\u00e5da ekipagen ig\u00e5r. Emma h\u00e4vdar att ett av hindrena l\u00e5g p\u00e5 120cm (vilket hon nog borde ha koll p\u00e5) &#8230; sj\u00e4lv satt jag p\u00e5 l\u00e4ktaren och d\u00e4rifr\u00e5n f\u00e5r man en mycket annorlunda uppfattning om hur h\u00f6ga eller l\u00e5ga hindrena \u00e4r. I vilket fall s\u00e5 fl\u00f6g b\u00e5da ponnysarna \u00f6ver b\u00e5de det hindret och alla andra. Fast Nido rev &#8230; tre g\u00e5nger ig\u00e5r &#8230; vilket han inte brukar g\u00f6ra. Jag hade satt p\u00e5 honom helt t\u00e4ckta framskydd och han \u00e4r ju inget fan av skydd p\u00e5 benen s\u00e5 kanske han blev lite slarvig. Banan i \u00f6vrigt l\u00e5g i alla fall runt 90-100cm och det k\u00e4nns bra att b\u00e5da ponnisarna klarar det s\u00e5 extremt l\u00e4tt p\u00e5 tr\u00e4ning f\u00f6r det betyder att dom \u00e4r mogna f\u00f6r t\u00e4vling nu \ud83d\ude00<\/span><\/p>\n<div class=\"separator\" style=\"clear: both; text-align: center;\"><a href=\"https:\/\/lh3.googleusercontent.com\/-vQu3zsOawRw\/TYHKt8uuTZI\/AAAAAAAAB44\/hl8OHAs0q4Q\/s1600\/cuba_huvud_x.jpg\" imageanchor=\"1\" style=\"clear: left; cssfloat: left; float: left; margin-bottom: 1em; margin-right: 1em;\"><img loading=\"lazy\" decoding=\"async\" border=\"0\" height=\"320\" r6=\"true\" src=\"https:\/\/lh3.googleusercontent.com\/-vQu3zsOawRw\/TYHKt8uuTZI\/AAAAAAAAB44\/hl8OHAs0q4Q\/s320\/cuba_huvud_x.jpg\" width=\"269\" \/><\/a><\/div>\n<p><span style=\"font-family: Arial;\">P\u00e5 l\u00f6rdag \u00e5ker vi till \u00c5gesta och startar f\u00f6rsta hoppt\u00e4vlingen f\u00f6r i \u00e5r. Emma startar b\u00e5da i 80cm, dvs LD CR f\u00f6r Cuba och LC (avd B) f\u00f6r Nido.<\/span><\/p>\n<p><span style=\"font-family: Arial;\">Idag ska Emma rida dressyrlektion f\u00f6r v\u00e5r i-stallet-nyinflyttade tjej fr\u00e5n Gotland. Emmi som hon heter \u00e4r uttagen tv\u00e5 g\u00e5nger i EM (f\u00e4ltt\u00e4vlan) och superduktig. <\/span><\/p>\n<p><span style=\"font-family: Arial;\">I morgon rider Emma programridning f\u00f6r Roger Ohlsson p\u00e5 Jursta. D\u00e4r ska vi ocks\u00e5 tr\u00e4ffa n\u00e5gra fr\u00e5n laget och se dem rida &#8211; det blir trevligt \ud83d\ude42<\/span><\/p>\n","protected":false},"excerpt":{"rendered":"<p>>Jaha vad har jag pysslat med i veckan d\u00e5? Jo mest har jag pysslat med att pyssla om sonen efter hans operation. Han \u00e4r svullen i ansiktet och har ont, stackarn \ud83d\ude41 Fast kanske det har v\u00e4nt lite nu f\u00f6r &hellip; <a href=\"http:\/\/pernillaodlund.se\/?p=732\">L\u00e4s mer <span class=\"meta-nav\">&rarr;<\/span><\/a><\/p>\n","protected":false},"author":1,"featured_media":0,"comment_status":"open","ping_status":"open","sticky":false,"template":"","format":"standard","meta":{"om_disable_all_campaigns":false,"_monsterinsights_skip_tracking":false,"_monsterinsights_sitenote_active":false,"_monsterinsights_sitenote_note":"","_monsterinsights_sitenote_category":0,"footnotes":""},"categories":[1],"tags":[],"class_list":["post-732","post","type-post","status-publish","format-standard","hentry","category-uncategorized"],"aioseo_notices":[],"_links":{"self":[{"href":"http:\/\/pernillaodlund.se\/index.php?rest_route=\/wp\/v2\/posts\/732","targetHints":{"allow":["GET"]}}],"collection":[{"href":"http:\/\/pernillaodlund.se\/index.php?rest_route=\/wp\/v2\/posts"}],"about":[{"href":"http:\/\/pernillaodlund.se\/index.php?rest_route=\/wp\/v2\/types\/post"}],"author":[{"embeddable":true,"href":"http:\/\/pernillaodlund.se\/index.php?rest_route=\/wp\/v2\/users\/1"}],"replies":[{"embeddable":true,"href":"http:\/\/pernillaodlund.se\/index.php?rest_route=%2Fwp%2Fv2%2Fcomments&post=732"}],"version-history":[{"count":0,"href":"http:\/\/pernillaodlund.se\/index.php?rest_route=\/wp\/v2\/posts\/732\/revisions"}],"wp:attachment":[{"href":"http:\/\/pernillaodlund.se\/index.php?rest_route=%2Fwp%2Fv2%2Fmedia&parent=732"}],"wp:term":[{"taxonomy":"category","embeddable":true,"href":"http:\/\/pernillaodlund.se\/index.php?rest_route=%2Fwp%2Fv2%2Fcategories&post=732"},{"taxonomy":"post_tag","embeddable":true,"href":"http:\/\/pernillaodlund.se\/index.php?rest_route=%2Fwp%2Fv2%2Ftags&post=732"}],"curies":[{"name":"wp","href":"https:\/\/api.w.org\/{rel}","templated":true}]}}