{"id":743,"date":"2011-03-30T09:19:00","date_gmt":"2011-03-30T08:19:00","guid":{"rendered":"http:\/\/pernillaodlund.se\/?p=743"},"modified":"2011-03-30T09:19:00","modified_gmt":"2011-03-30T08:19:00","slug":"bio-och-veckans-planer","status":"publish","type":"post","link":"http:\/\/pernillaodlund.se\/?p=743","title":{"rendered":">Bio och veckans planer"},"content":{"rendered":"<p>><span style=\"font-family: &quot;Helvetica Neue&quot;, Arial, Helvetica, sans-serif;\">Ig\u00e5r kv\u00e4ll blev jag bjuden p\u00e5 bio \ud83d\ude00 av b\u00e4sta Sofia, Linn och Erica. Vi s\u00e5g &#8221;I Am Number Four&#8221; som var v\u00e4ldigt bra, enligt mig. Kul att g\u00f6ra n\u00e5got annat \u00e4n jobbet, stallet, middag, soffan m familjen!<\/span><\/p>\n<p><span style=\"font-family: &quot;Helvetica Neue&quot;, Arial, Helvetica, sans-serif;\">I morgon ska jag \u00e5ka ut och h\u00e4lsa p\u00e5 min allra finaste goa lilla Sudden &lt;3 och p\u00e5 fredag hoppas jag det blir en tripp ut till gamla stallet och bjuda b\u00e4sta Bella p\u00e5 f\u00f6rsenad f\u00f6delsedagslunch \ud83d\ude42<\/span><\/p>\n<p><span style=\"font-family: &quot;Helvetica Neue&quot;, Arial, Helvetica, sans-serif;\">Fredagen bjuder \u00e4ven p\u00e5 andra roligheter &#8211; p\u00e5 kv\u00e4llen \u00e4r det pay&amp;jump p\u00e5 Runsten och gissa om det blir sk\u00f6nt att kunna rida ner till t\u00e4vlingen! Emma och Nido startar 1 m och Emma och Cuba startar 1m. Cuba startar ocks\u00e5 90cm med sin medryttare \ud83d\ude42<\/span><\/p>\n<p><span style=\"font-family: &quot;Helvetica Neue&quot;, Arial, Helvetica, sans-serif;\">P\u00e5 s\u00f6ndag \u00e4r det dressyrt\u00e4vling p\u00e5 S\u00f6dert\u00e4lje. Det \u00e4r f\u00f6rsta omg\u00e5ngen p\u00e5 allsvenskan div III. Jag \u00e4r lagledare och Emma ska vara med i f\u00f6rklassen s\u00e5 det blir en l\u00e5\u00e5\u00e5\u00e5ng dag (igen!). Funderar p\u00e5 att k\u00f6ra hem ponnierna efter att Emma ridit klart och innan sj\u00e4lva lagklassen b\u00f6rjar. Eller kanske be min k\u00e4ra make &#8211; kom just p\u00e5 att Emma och Cuba startar sist i f\u00f6rklassen och sedan beh\u00f6vs ju jag p\u00e5 plats &#8230;. hmm, t\u00e5l att t\u00e4nkas p\u00e5. Synd om ponnisarna bara om de ska st\u00e5 i transporten i flera timmar fast\u00e4n de kunde vara hemma och leka i hagen.<\/span><\/p>\n","protected":false},"excerpt":{"rendered":"<p>>Ig\u00e5r kv\u00e4ll blev jag bjuden p\u00e5 bio \ud83d\ude00 av b\u00e4sta Sofia, Linn och Erica. Vi s\u00e5g &#8221;I Am Number Four&#8221; som var v\u00e4ldigt bra, enligt mig. Kul att g\u00f6ra n\u00e5got annat \u00e4n jobbet, stallet, middag, soffan m familjen! I morgon &hellip; <a href=\"http:\/\/pernillaodlund.se\/?p=743\">L\u00e4s mer <span class=\"meta-nav\">&rarr;<\/span><\/a><\/p>\n","protected":false},"author":1,"featured_media":0,"comment_status":"open","ping_status":"open","sticky":false,"template":"","format":"standard","meta":{"om_disable_all_campaigns":false,"_monsterinsights_skip_tracking":false,"_monsterinsights_sitenote_active":false,"_monsterinsights_sitenote_note":"","_monsterinsights_sitenote_category":0,"footnotes":""},"categories":[1],"tags":[],"class_list":["post-743","post","type-post","status-publish","format-standard","hentry","category-uncategorized"],"aioseo_notices":[],"_links":{"self":[{"href":"http:\/\/pernillaodlund.se\/index.php?rest_route=\/wp\/v2\/posts\/743","targetHints":{"allow":["GET"]}}],"collection":[{"href":"http:\/\/pernillaodlund.se\/index.php?rest_route=\/wp\/v2\/posts"}],"about":[{"href":"http:\/\/pernillaodlund.se\/index.php?rest_route=\/wp\/v2\/types\/post"}],"author":[{"embeddable":true,"href":"http:\/\/pernillaodlund.se\/index.php?rest_route=\/wp\/v2\/users\/1"}],"replies":[{"embeddable":true,"href":"http:\/\/pernillaodlund.se\/index.php?rest_route=%2Fwp%2Fv2%2Fcomments&post=743"}],"version-history":[{"count":0,"href":"http:\/\/pernillaodlund.se\/index.php?rest_route=\/wp\/v2\/posts\/743\/revisions"}],"wp:attachment":[{"href":"http:\/\/pernillaodlund.se\/index.php?rest_route=%2Fwp%2Fv2%2Fmedia&parent=743"}],"wp:term":[{"taxonomy":"category","embeddable":true,"href":"http:\/\/pernillaodlund.se\/index.php?rest_route=%2Fwp%2Fv2%2Fcategories&post=743"},{"taxonomy":"post_tag","embeddable":true,"href":"http:\/\/pernillaodlund.se\/index.php?rest_route=%2Fwp%2Fv2%2Ftags&post=743"}],"curies":[{"name":"wp","href":"https:\/\/api.w.org\/{rel}","templated":true}]}}