{"id":744,"date":"2011-04-04T09:05:00","date_gmt":"2011-04-04T08:05:00","guid":{"rendered":"http:\/\/pernillaodlund.se\/?p=744"},"modified":"2011-04-04T09:05:00","modified_gmt":"2011-04-04T08:05:00","slug":"long-time-ago","status":"publish","type":"post","link":"http:\/\/pernillaodlund.se\/?p=744","title":{"rendered":">Long time ago"},"content":{"rendered":"<p>><span style=\"font-family: &quot;Helvetica Neue&quot;, Arial, Helvetica, sans-serif;\">Inser just att det \u00e4r j\u00e4ttel\u00e4nge sedan jag skrev n\u00e5got h\u00e4r. Dagarna flyger f\u00f6rbi. Vad har s\u00e5 h\u00e4nt?<\/span><\/p>\n<p><span style=\"font-family: &quot;Helvetica Neue&quot;, Arial, Helvetica, sans-serif;\">I fredags var jag p\u00e5 bes\u00f6k p\u00e5 gamla stallet &#8211; det var himla trevligt. Jag tr\u00e4ffade lite trevliga m\u00e4nniskor och vi \u00e5t lunch tillsammans \ud83d\ude42 <\/span><br \/><span style=\"font-family: &quot;Helvetica Neue&quot;, Arial, Helvetica, sans-serif;\">P\u00e5 kv\u00e4llen startade Emma Nido p\u00e5 1 m och Cuba p\u00e5 samma h\u00f6jd. Cuba fick \u00e4ven starta 90cm med medryttaren. Det gick v\u00e4ldans d\u00e5ligt f\u00f6r Emma och Nido s\u00e5 nu har vi best\u00e4mt oss f\u00f6r att ta ett steg tillbaka. N\u00e4sta helgs t\u00e4vling p\u00e5 Runsten struntar vi i och ist\u00e4llet \u00e5ker vi till Sundby den 25 april. D\u00e4r startar Emma b\u00e5da p\u00e5 LC och LB. <\/span><br \/><span style=\"font-family: &quot;Helvetica Neue&quot;, Arial, Helvetica, sans-serif;\">Med Cuba d\u00e4remot gjorde Emma en fin runda p\u00e5 1m. Dock rev hon en bom s\u00e5 ingen rosett med hem. <\/span><\/p>\n<p><span style=\"font-family: &quot;Helvetica Neue&quot;, Arial, Helvetica, sans-serif;\">P\u00e5 l\u00f6rdagen uppt\u00e4ckte vi massa &#8221;skit&#8221; i hagen (ett stor nackdel att g\u00f6ra hage n\u00e4r sn\u00f6n fortfarande ligger) och var tvugna att delvis dra om en del av hagen och att stolpa bort en del. Detta medf\u00f6rde att vi var borta stora delar av l\u00f6rdagen och kom hem j\u00e4ttesent till resten av den stackars hungriga familjen.<\/span><\/p>\n<p><span style=\"font-family: &quot;Helvetica Neue&quot;, Arial, Helvetica, sans-serif;\">S\u00f6ndagen bj\u00f6d p\u00e5 dressyrt\u00e4vling f\u00f6rutom att den bj\u00f6d p\u00e5 massa trist dimma och regn. Det var dressyrallsvenskan div III och jag \u00e4r lagledare. Emma skulle inte rida i laget denna omg\u00e5ng, d\u00e5 vi har 9 st i laget. Men d\u00e4remot startade hon b\u00e5da i f\u00f6rklassen. Det gick inte s\u00e5 bra. Dels var det st\u00f6rre konkurrens och dels tyckte Emma att vi red fram f\u00f6r l\u00e4nge med b\u00e5da h\u00e4starna. Det \u00e4r v\u00e4l n\u00e5got som kommer med st\u00f6rre erfarenhet &#8211; hur m\u00e5nga ryttare ska egentligen vara kvar innan man g\u00e5r in p\u00e5 framridningen. Vi l\u00e4r oss \ud83d\ude42<\/span><br \/><span style=\"font-family: &quot;Helvetica Neue&quot;, Arial, Helvetica, sans-serif;\">Med Nido skrapade hon ihop runt 62% och hamnade i mitten av startf\u00e4ltet och med Cuba precis 60% och d\u00e4r har jag ingen aning om var hon hamnade &#8211; s\u00e4kerligen bland den nedre delen.<\/span><br \/><span style=\"font-family: &quot;Helvetica Neue&quot;, Arial, Helvetica, sans-serif;\">Sedan var det lagklass och vi hade tre st b-ponnier och en c-ponny. Jag f\u00f6rs\u00f6kte efter b\u00e4sta f\u00f6rm\u00e5ga att peppa alla ryttarna och ALLA gjorde verkligen sitt b\u00e4sta efter sin egen f\u00f6rm\u00e5ga. Det \u00e4r enormt stor konkurrens p\u00e5 de h\u00e4r tillst\u00e4llningarna. M\u00e5nga lag \u00e4r fr\u00e5n ridskolor och de skickar sina b\u00e4sta ryttare och sina b\u00e4sta ponnier. <\/span><br \/><span style=\"font-family: &quot;Helvetica Neue&quot;, Arial, Helvetica, sans-serif;\">Jag tror alla tjejerna hade v\u00e4ldigt roligt i alla fall. Jag och Emma hade det! Exakt placering f\u00f6r laget vet jag inte, d\u00e5 S\u00f6dert\u00e4lje inte har lagt ut resultat-listorna \u00e4n men individuellt s\u00e5 gjorde vi bra ifr\u00e5n oss. En av v\u00e5ra b-ponnier vann sin kategori och v\u00e5r c-ponny blev 4:a. Kul att tv\u00e5 av fyra ryttare kom hem med rosett \ud83d\ude42<\/span><br \/><span style=\"font-family: Arial;\">Jag ska kolla med tjejernas f\u00f6r\u00e4ldrar och se om det \u00e4r okej att jag l\u00e4gger ut lite bilder h\u00e4r, fr\u00e5n dagen.<\/span><\/p>\n<p><span style=\"font-family: Arial;\">Jag blev v\u00e4ldigt imponerad av Sundbys ponnier &#8211; j\u00f6sses vilka fina!! Alla avkommor fr\u00e5n Power Boy s\u00e5klart \ud83d\ude42<\/span><\/p>\n<p><span style=\"font-family: Arial;\">Vi tar nya tag och kommer igen med nya krafter, ryttare och ponnier till n\u00e4sta omg\u00e5ng som g\u00e5r p\u00e5 M\u00e4larh\u00f6jden den 30april. D\u00e5 rider Emma med i laget ocks\u00e5.<\/span><\/p>\n","protected":false},"excerpt":{"rendered":"<p>>Inser just att det \u00e4r j\u00e4ttel\u00e4nge sedan jag skrev n\u00e5got h\u00e4r. Dagarna flyger f\u00f6rbi. Vad har s\u00e5 h\u00e4nt? I fredags var jag p\u00e5 bes\u00f6k p\u00e5 gamla stallet &#8211; det var himla trevligt. Jag tr\u00e4ffade lite trevliga m\u00e4nniskor och vi \u00e5t &hellip; <a href=\"http:\/\/pernillaodlund.se\/?p=744\">L\u00e4s mer <span class=\"meta-nav\">&rarr;<\/span><\/a><\/p>\n","protected":false},"author":1,"featured_media":0,"comment_status":"open","ping_status":"open","sticky":false,"template":"","format":"standard","meta":{"om_disable_all_campaigns":false,"_monsterinsights_skip_tracking":false,"_monsterinsights_sitenote_active":false,"_monsterinsights_sitenote_note":"","_monsterinsights_sitenote_category":0,"footnotes":""},"categories":[1],"tags":[],"class_list":["post-744","post","type-post","status-publish","format-standard","hentry","category-uncategorized"],"aioseo_notices":[],"_links":{"self":[{"href":"http:\/\/pernillaodlund.se\/index.php?rest_route=\/wp\/v2\/posts\/744","targetHints":{"allow":["GET"]}}],"collection":[{"href":"http:\/\/pernillaodlund.se\/index.php?rest_route=\/wp\/v2\/posts"}],"about":[{"href":"http:\/\/pernillaodlund.se\/index.php?rest_route=\/wp\/v2\/types\/post"}],"author":[{"embeddable":true,"href":"http:\/\/pernillaodlund.se\/index.php?rest_route=\/wp\/v2\/users\/1"}],"replies":[{"embeddable":true,"href":"http:\/\/pernillaodlund.se\/index.php?rest_route=%2Fwp%2Fv2%2Fcomments&post=744"}],"version-history":[{"count":0,"href":"http:\/\/pernillaodlund.se\/index.php?rest_route=\/wp\/v2\/posts\/744\/revisions"}],"wp:attachment":[{"href":"http:\/\/pernillaodlund.se\/index.php?rest_route=%2Fwp%2Fv2%2Fmedia&parent=744"}],"wp:term":[{"taxonomy":"category","embeddable":true,"href":"http:\/\/pernillaodlund.se\/index.php?rest_route=%2Fwp%2Fv2%2Fcategories&post=744"},{"taxonomy":"post_tag","embeddable":true,"href":"http:\/\/pernillaodlund.se\/index.php?rest_route=%2Fwp%2Fv2%2Ftags&post=744"}],"curies":[{"name":"wp","href":"https:\/\/api.w.org\/{rel}","templated":true}]}}