{"id":747,"date":"2011-04-07T22:05:00","date_gmt":"2011-04-07T21:05:00","guid":{"rendered":"http:\/\/pernillaodlund.se\/?p=747"},"modified":"2011-04-07T22:05:00","modified_gmt":"2011-04-07T21:05:00","slug":"storm","status":"publish","type":"post","link":"http:\/\/pernillaodlund.se\/?p=747","title":{"rendered":">Storm"},"content":{"rendered":"<p>><span style=\"font-family: &quot;Helvetica Neue&quot;, Arial, Helvetica, sans-serif;\">p\u00e5 riktigt storm allts\u00e5 &#8230; inte bara lite bl\u00e5st. P\u00e5 v\u00e4gen till stallet l\u00e5g det ett STORT tr\u00e4d (en gran) som hade ramlat s\u00e5 det precis inte t\u00e4ckte v\u00e4gen men n\u00e4ra p\u00e5. Och p\u00e5 v\u00e4gen hem ramlade det ner en bit av ett tr\u00e4d, ett d\u00f6tt och blockerade det andra k\u00f6rf\u00e4ltet. Hua!<\/span><\/p>\n<p><span style=\"font-family: &quot;Helvetica Neue&quot;, Arial, Helvetica, sans-serif;\">H\u00e4stisarna fick st\u00e5 idag, just med tanke p\u00e5 stormen. L\u00e4skigt ju! \ud83d\ude2e<\/span><\/p>\n<p><span style=\"font-family: &quot;Helvetica Neue&quot;, Arial, Helvetica, sans-serif;\">Vi hade pysseldag ist\u00e4llet. Bland annat s\u00e5 trixade jag ihop min egna lilla variant p\u00e5 hackamore-tr\u00e4ns. Eftersom sadeln \u00e4r brun k\u00e4nns ju det lite trist n\u00e4r hacket \u00e4r p\u00e5 ett svart tr\u00e4ns. S\u00e5 nu blev det j\u00e4ttefint. Synd att jag inte kom ih\u00e5g att fota. Ska f\u00f6rs\u00f6ka g\u00f6ra det imorgon. F\u00f6r imorgon kanske jag ska ta och studsa runt p\u00e5 lite bommar hihi. <\/span><\/p>\n<div style=\"border-bottom: medium none; border-left: medium none; border-right: medium none; border-top: medium none;\"><a href=\"http:\/\/3.bp.blogspot.com\/-VNJPLWwsGWY\/TZ4l0XSjgpI\/AAAAAAAAB5w\/ahxGcP2dvDw\/s1600\/buildupmix.jpg\" imageanchor=\"1\" style=\"clear: left; cssfloat: left; float: left; margin-bottom: 1em; margin-right: 1em;\"><span style=\"font-family: &quot;Helvetica Neue&quot;, Arial, Helvetica, sans-serif;\"><\/span><\/a><\/div>\n<div style=\"border-bottom: medium none; border-left: medium none; border-right: medium none; border-top: medium none;\"><span style=\"font-family: &quot;Helvetica Neue&quot;, Arial, Helvetica, sans-serif;\">Den 7e maj \u00e4r det startf\u00e4ltt\u00e4vlan p\u00e5 Runsten (som Nyn\u00e4shamn anordnar) och den skulle jag egentligen vilja vara med p\u00e5 men &#8230; jag kom p\u00e5 att jag aldrig i livet tar mig runt p\u00e5 en bana p\u00e5 65cm &#8230; :s Men vad skoj det skulle vara. Emma och Nido ska vara med, Mia och Candy och ev Emmi och hennes hoppeh\u00e4st. T\u00e4nk vad skoj och vad praktiskt &#8211; inte beh\u00f6va \u00e5ka iv\u00e4g p\u00e5 t\u00e4vlingen utan bara rida ner till den.<\/span><\/div>\n<div style=\"border-bottom: medium none; border-left: medium none; border-right: medium none; border-top: medium none;\"><\/div>\n<div style=\"border-bottom: medium none; border-left: medium none; border-right: medium none; border-top: medium none;\">\n<div style=\"border-bottom: medium none; border-left: medium none; border-right: medium none; border-top: medium none;\"><a href=\"http:\/\/3.bp.blogspot.com\/-VNJPLWwsGWY\/TZ4l0XSjgpI\/AAAAAAAAB5w\/ahxGcP2dvDw\/s1600\/buildupmix.jpg\" imageanchor=\"1\" style=\"clear: left; cssfloat: left; float: left; margin-bottom: 1em; margin-right: 1em;\"><img loading=\"lazy\" decoding=\"async\" border=\"0\" height=\"320\" r6=\"true\" src=\"http:\/\/3.bp.blogspot.com\/-VNJPLWwsGWY\/TZ4l0XSjgpI\/AAAAAAAAB5w\/ahxGcP2dvDw\/s320\/buildupmix.jpg\" width=\"212\" \/><\/a><span style=\"font-family: &quot;Helvetica Neue&quot;, Arial, Helvetica, sans-serif;\">Idag har jag k\u00f6pt specialfoder till lilla Nido-ponken. Nu j-lar om han inte g\u00e5r upp i vikt och blir sig sj\u00e4lv igen!!! Fr\u00e5n Dodson &amp; Horrel har jag k\u00f6pt Build up Mix. S\u00e5 nu borde det bara vara en tidsfr\u00e5ga \ud83d\ude42<\/span><\/div>\n<\/div>\n<div style=\"border-bottom: medium none; border-left: medium none; border-right: medium none; border-top: medium none;\"><\/div>\n<div style=\"border-bottom: medium none; border-left: medium none; border-right: medium none; border-top: medium none;\">\n<div style=\"border-bottom: medium none; border-left: medium none; border-right: medium none; border-top: medium none;\"><span style=\"font-family: &quot;Helvetica Neue&quot;, Arial, Helvetica, sans-serif;\">Nu \u00e4r det flera helger i rad som det inte \u00e4r n\u00e5gra t\u00e4vlingar och det k\u00e4nns n\u00e4stan lite trist och tr\u00e5kigt :s &#8230; men iof s\u00e5 t\u00e4vlas ju Cuba p\u00e5 S\u00f6ndag fast&nbsp;av medryttaren ist\u00e4llet. N\u00e4sta t\u00e4vling f\u00f6r Emmas del \u00e4r den 25 april p\u00e5 Sundby &#8211; d\u00e5 startar hon b\u00e5da i LC och LB. Helgen d\u00e4rp\u00e5 \u00e4r det dressyrallsvenskan och d\u00e5 t\u00e4vlar hon ocks\u00e5 b\u00e5da tv\u00e5. Cuba i f\u00f6rklass och Nido i lagklass.&nbsp;Den 15 maj \u00e5ker vi tillbaka till Sundby men d\u00e5 \u00e4r det dressyr igen p\u00e5 schemat &#8211; en LB. OM laget g\u00e5r vidare till final s\u00e5 g\u00e5r finalen i LB s\u00e5 d\u00e5 kan det ju vara bra om man har startat det n\u00e5gon g\u00e5ng. OM laget inte g\u00e5r vidare kan Emma alltid st\u00e4lla upp i f\u00f6rklassen &#8230; finalen g\u00e5r n\u00e4mligen p\u00e5 BRS \ud83d\ude42 &#8211; n\u00e4stan som hemma! <\/p>\n<p>N\u00e4 nu ska jag g\u00e5 och knyta mig &#8211; \u00e4r fortfarande lite d\u00e5lig s\u00e5 jag beh\u00f6ver nog sova!<\/span><\/div>\n<\/div>\n","protected":false},"excerpt":{"rendered":"<p>>p\u00e5 riktigt storm allts\u00e5 &#8230; inte bara lite bl\u00e5st. P\u00e5 v\u00e4gen till stallet l\u00e5g det ett STORT tr\u00e4d (en gran) som hade ramlat s\u00e5 det precis inte t\u00e4ckte v\u00e4gen men n\u00e4ra p\u00e5. Och p\u00e5 v\u00e4gen hem ramlade det ner en &hellip; <a href=\"http:\/\/pernillaodlund.se\/?p=747\">L\u00e4s mer <span class=\"meta-nav\">&rarr;<\/span><\/a><\/p>\n","protected":false},"author":1,"featured_media":0,"comment_status":"open","ping_status":"open","sticky":false,"template":"","format":"standard","meta":{"om_disable_all_campaigns":false,"_monsterinsights_skip_tracking":false,"_monsterinsights_sitenote_active":false,"_monsterinsights_sitenote_note":"","_monsterinsights_sitenote_category":0,"footnotes":""},"categories":[1],"tags":[],"class_list":["post-747","post","type-post","status-publish","format-standard","hentry","category-uncategorized"],"aioseo_notices":[],"_links":{"self":[{"href":"http:\/\/pernillaodlund.se\/index.php?rest_route=\/wp\/v2\/posts\/747","targetHints":{"allow":["GET"]}}],"collection":[{"href":"http:\/\/pernillaodlund.se\/index.php?rest_route=\/wp\/v2\/posts"}],"about":[{"href":"http:\/\/pernillaodlund.se\/index.php?rest_route=\/wp\/v2\/types\/post"}],"author":[{"embeddable":true,"href":"http:\/\/pernillaodlund.se\/index.php?rest_route=\/wp\/v2\/users\/1"}],"replies":[{"embeddable":true,"href":"http:\/\/pernillaodlund.se\/index.php?rest_route=%2Fwp%2Fv2%2Fcomments&post=747"}],"version-history":[{"count":0,"href":"http:\/\/pernillaodlund.se\/index.php?rest_route=\/wp\/v2\/posts\/747\/revisions"}],"wp:attachment":[{"href":"http:\/\/pernillaodlund.se\/index.php?rest_route=%2Fwp%2Fv2%2Fmedia&parent=747"}],"wp:term":[{"taxonomy":"category","embeddable":true,"href":"http:\/\/pernillaodlund.se\/index.php?rest_route=%2Fwp%2Fv2%2Fcategories&post=747"},{"taxonomy":"post_tag","embeddable":true,"href":"http:\/\/pernillaodlund.se\/index.php?rest_route=%2Fwp%2Fv2%2Ftags&post=747"}],"curies":[{"name":"wp","href":"https:\/\/api.w.org\/{rel}","templated":true}]}}