{"id":750,"date":"2011-04-11T13:40:00","date_gmt":"2011-04-11T12:40:00","guid":{"rendered":"http:\/\/pernillaodlund.se\/?p=750"},"modified":"2011-04-11T13:40:00","modified_gmt":"2011-04-11T12:40:00","slug":"en-klippa","status":"publish","type":"post","link":"http:\/\/pernillaodlund.se\/?p=750","title":{"rendered":">En klippa"},"content":{"rendered":"<p>><span style=\"font-family: &quot;Helvetica Neue&quot;, Arial, Helvetica, sans-serif;\">Idag har jag gjort n\u00e5got fantastiskt roligt. Jag lastade (sj\u00e4lv) min h\u00e4st, tog med sadel, tr\u00e4ns och mina ridgrejor och \u00e5kte ner till Gnesta och ett st\u00e4llet som heter H\u00e4sten \u00e4r Po\u00c4ngen. V\u00e4l d\u00e4r lastade jag (sj\u00e4lv) ur min p\u00e4rla och red&nbsp;en dubbel-lektion i AR (Akademisk Ridkonst). Det var bara helt galet kul \ud83d\ude42<\/span><br \/><span style=\"font-family: &quot;Helvetica Neue&quot;, Arial, Helvetica, sans-serif;\">F\u00f6rst red jag en lektion p\u00e5 en av hennes redan skolade h\u00e4star och sedan red jag en lektion p\u00e5 Cuba. <\/span><br \/><span style=\"font-family: &quot;Helvetica Neue&quot;, Arial, Helvetica, sans-serif;\">Cuba sk\u00f6tte sig som den p\u00e4rla hon \u00e4r hela tiden. Hon bl\u00e5ste lite n\u00e4r hon kom ur transporten f\u00f6r precis bredvid h\u00f6ll n\u00e5gra p\u00e5 och s\u00e5gade med en maskindriven s\u00e5g och det l\u00e4t ju lite ovant och l\u00e4skigt. Men annars &#8211; helt cool. <\/span><br \/><span style=\"font-family: &quot;Helvetica Neue&quot;, Arial, Helvetica, sans-serif;\">Sedan lastade jag \u00e5terigen sj\u00e4lv henne och \u00e5kte hem. Jag har aldrig \u00e5kt iv\u00e4g n\u00e5gonstans helt sj\u00e4lv med en h\u00e4st f\u00f6rrut men det var verkligen inget problem.<\/span><br \/><span style=\"font-family: &quot;Helvetica Neue&quot;, Arial, Helvetica, sans-serif;\">Jag \u00e4r GLAD \ud83d\ude00<\/span><\/p>\n","protected":false},"excerpt":{"rendered":"<p>>Idag har jag gjort n\u00e5got fantastiskt roligt. Jag lastade (sj\u00e4lv) min h\u00e4st, tog med sadel, tr\u00e4ns och mina ridgrejor och \u00e5kte ner till Gnesta och ett st\u00e4llet som heter H\u00e4sten \u00e4r Po\u00c4ngen. V\u00e4l d\u00e4r lastade jag (sj\u00e4lv) ur min p\u00e4rla &hellip; <a href=\"http:\/\/pernillaodlund.se\/?p=750\">L\u00e4s mer <span class=\"meta-nav\">&rarr;<\/span><\/a><\/p>\n","protected":false},"author":1,"featured_media":0,"comment_status":"open","ping_status":"open","sticky":false,"template":"","format":"standard","meta":{"om_disable_all_campaigns":false,"_monsterinsights_skip_tracking":false,"_monsterinsights_sitenote_active":false,"_monsterinsights_sitenote_note":"","_monsterinsights_sitenote_category":0,"footnotes":""},"categories":[1],"tags":[],"class_list":["post-750","post","type-post","status-publish","format-standard","hentry","category-uncategorized"],"aioseo_notices":[],"_links":{"self":[{"href":"http:\/\/pernillaodlund.se\/index.php?rest_route=\/wp\/v2\/posts\/750","targetHints":{"allow":["GET"]}}],"collection":[{"href":"http:\/\/pernillaodlund.se\/index.php?rest_route=\/wp\/v2\/posts"}],"about":[{"href":"http:\/\/pernillaodlund.se\/index.php?rest_route=\/wp\/v2\/types\/post"}],"author":[{"embeddable":true,"href":"http:\/\/pernillaodlund.se\/index.php?rest_route=\/wp\/v2\/users\/1"}],"replies":[{"embeddable":true,"href":"http:\/\/pernillaodlund.se\/index.php?rest_route=%2Fwp%2Fv2%2Fcomments&post=750"}],"version-history":[{"count":0,"href":"http:\/\/pernillaodlund.se\/index.php?rest_route=\/wp\/v2\/posts\/750\/revisions"}],"wp:attachment":[{"href":"http:\/\/pernillaodlund.se\/index.php?rest_route=%2Fwp%2Fv2%2Fmedia&parent=750"}],"wp:term":[{"taxonomy":"category","embeddable":true,"href":"http:\/\/pernillaodlund.se\/index.php?rest_route=%2Fwp%2Fv2%2Fcategories&post=750"},{"taxonomy":"post_tag","embeddable":true,"href":"http:\/\/pernillaodlund.se\/index.php?rest_route=%2Fwp%2Fv2%2Ftags&post=750"}],"curies":[{"name":"wp","href":"https:\/\/api.w.org\/{rel}","templated":true}]}}