{"id":753,"date":"2011-04-19T08:59:00","date_gmt":"2011-04-19T07:59:00","guid":{"rendered":"http:\/\/pernillaodlund.se\/?p=753"},"modified":"2011-04-19T08:59:00","modified_gmt":"2011-04-19T07:59:00","slug":"fortydligande-3","status":"publish","type":"post","link":"http:\/\/pernillaodlund.se\/?p=753","title":{"rendered":">F\u00f6rtydligande"},"content":{"rendered":"<p>><span style=\"font-family: &quot;Helvetica Neue&quot;, Arial, Helvetica, sans-serif;\">Jag har allts\u00e5 INTE!!!!! k\u00f6pt v\u00e5r nya ponny av Team Caf &#8211; skulle liksom inte finnas p\u00e5 v\u00e4rldskartan!!! Han \u00e4r k\u00f6pt av Fredrik i Nyk\u00f6ping. Visserligen \u00e4r han h\u00e4sthandlare (han ocks\u00e5) men jag k\u00e4nner till b\u00e5de hans rykte och jag vet om de som k\u00f6pt av honom och \u00e4r n\u00f6jda. <\/span><\/p>\n<p><span style=\"font-family: &quot;Helvetica Neue&quot;, Arial, Helvetica, sans-serif;\">Det har kommit upp fr\u00e5gor om VARF\u00d6R vi k\u00f6pt en till ponny. Varf\u00f6r inte liksom? \ud83d\ude09 Emma vill rida mer och t\u00e4vla mer &#8211; och jag vill g\u00e4rna f\u00e5 lite mer ridtid p\u00e5 min egen ponny. Jag kan inte rida p\u00e5 riktigt p\u00e5 Nido &#8211; jag k\u00e4nner mig f\u00f6r stor medans Qalle \u00e4r mer robust och l\u00e4tt klarar av mina 60-62kg. D\u00e4rf\u00f6r har vi k\u00f6pt en till ponny. <\/span><\/p>\n<p><span style=\"font-family: &quot;Helvetica Neue&quot;, Arial, Helvetica, sans-serif;\">Anledningen till att vi k\u00f6pte ett &#8221;projekt&#8221; som n\u00e5gon uttryckt sig \u00e4r att vi dels inte hade s\u00e5 mycket pengar att l\u00e4gga p\u00e5 en ponny (och man f\u00e5r vad man betalar f\u00f6r som ni vet) och att vi dels s\u00e5g potentialen i den h\u00e4r ponnyn. Om vi f\u00e5r ordning p\u00e5 dels lastningsproblemet och dels &#8221;uppfostran&#8221; s\u00e5 kommer detta bli en guldklimp till i &#8221;samligen&#8221;. Vad g\u00e4ller uppfostran och hans lite burdusa beteende s\u00e5 \u00e4r det redan efter en vecka STOR skillnad. <\/span><\/p>\n<p><span style=\"font-family: &quot;Helvetica Neue&quot;, Arial, Helvetica, sans-serif;\">S\u00e5 nu vet ni det ocks\u00e5 \ud83d\ude42<\/span><\/p>\n","protected":false},"excerpt":{"rendered":"<p>>Jag har allts\u00e5 INTE!!!!! k\u00f6pt v\u00e5r nya ponny av Team Caf &#8211; skulle liksom inte finnas p\u00e5 v\u00e4rldskartan!!! Han \u00e4r k\u00f6pt av Fredrik i Nyk\u00f6ping. Visserligen \u00e4r han h\u00e4sthandlare (han ocks\u00e5) men jag k\u00e4nner till b\u00e5de hans rykte och jag &hellip; <a href=\"http:\/\/pernillaodlund.se\/?p=753\">L\u00e4s mer <span class=\"meta-nav\">&rarr;<\/span><\/a><\/p>\n","protected":false},"author":1,"featured_media":0,"comment_status":"open","ping_status":"open","sticky":false,"template":"","format":"standard","meta":{"om_disable_all_campaigns":false,"_monsterinsights_skip_tracking":false,"_monsterinsights_sitenote_active":false,"_monsterinsights_sitenote_note":"","_monsterinsights_sitenote_category":0,"footnotes":""},"categories":[1],"tags":[],"class_list":["post-753","post","type-post","status-publish","format-standard","hentry","category-uncategorized"],"aioseo_notices":[],"_links":{"self":[{"href":"http:\/\/pernillaodlund.se\/index.php?rest_route=\/wp\/v2\/posts\/753","targetHints":{"allow":["GET"]}}],"collection":[{"href":"http:\/\/pernillaodlund.se\/index.php?rest_route=\/wp\/v2\/posts"}],"about":[{"href":"http:\/\/pernillaodlund.se\/index.php?rest_route=\/wp\/v2\/types\/post"}],"author":[{"embeddable":true,"href":"http:\/\/pernillaodlund.se\/index.php?rest_route=\/wp\/v2\/users\/1"}],"replies":[{"embeddable":true,"href":"http:\/\/pernillaodlund.se\/index.php?rest_route=%2Fwp%2Fv2%2Fcomments&post=753"}],"version-history":[{"count":0,"href":"http:\/\/pernillaodlund.se\/index.php?rest_route=\/wp\/v2\/posts\/753\/revisions"}],"wp:attachment":[{"href":"http:\/\/pernillaodlund.se\/index.php?rest_route=%2Fwp%2Fv2%2Fmedia&parent=753"}],"wp:term":[{"taxonomy":"category","embeddable":true,"href":"http:\/\/pernillaodlund.se\/index.php?rest_route=%2Fwp%2Fv2%2Fcategories&post=753"},{"taxonomy":"post_tag","embeddable":true,"href":"http:\/\/pernillaodlund.se\/index.php?rest_route=%2Fwp%2Fv2%2Ftags&post=753"}],"curies":[{"name":"wp","href":"https:\/\/api.w.org\/{rel}","templated":true}]}}