{"id":755,"date":"2011-04-19T23:08:00","date_gmt":"2011-04-19T22:08:00","guid":{"rendered":"http:\/\/pernillaodlund.se\/?p=755"},"modified":"2011-04-19T23:08:00","modified_gmt":"2011-04-19T22:08:00","slug":"brada-dagar","status":"publish","type":"post","link":"http:\/\/pernillaodlund.se\/?p=755","title":{"rendered":">Br\u00e5da dagar"},"content":{"rendered":"<p>><span style=\"font-family: &quot;Helvetica Neue&quot;, Arial, Helvetica, sans-serif;\">Jag har inte hunnit med att ber\u00e4tta vad vi h\u00e5ller p\u00e5 med &#8230; min k\u00e4ra man och min k\u00e4ra son \u00e5kte iv\u00e4g p\u00e5 p\u00e5skresa till Florida f\u00f6r att h\u00e4lsa p\u00e5 farmor och farfar. Under tiden som de roar sig i solen s\u00e5 f\u00e5r jag och Emma klara oss sj\u00e4lva. Vilket i och f\u00f6r sig inte \u00e4r n\u00e5gra problem men huset blev v\u00e4\u00e4\u00e4ldigt tyst och tomt n\u00e4r de \u00e5kte iv\u00e4g \ud83d\ude41<\/span><\/p>\n<p><span style=\"font-family: &quot;Helvetica Neue&quot;, Arial, Helvetica, sans-serif;\">De \u00e5kte i onsdagsmorse och h\u00e4r kommer lite om vad vi pysslat med:<\/span><\/p>\n<p><span style=\"font-family: &quot;Helvetica Neue&quot;, Arial, Helvetica, sans-serif;\">Onsdag, torsdag och fredag koncentrerade vi mycket tid och engagemang p\u00e5 Qalle &#8211; Emma red lektion tv\u00e5 dagar i rad f\u00f6r Emmi och det gick j\u00e4ttebra. Han \u00e4r envis men vi (Emma n\u00e4r det g\u00e4ller ridning) \u00e4r \u00e4nnu mer envis \ud83d\ude42 De f\u00f6rsta dagarna i hagen var han INTE sn\u00e4ll mot framf\u00f6r allt Nido. Cuba har ju vett att h\u00e5lla sig undan s\u00e5 henne &#8221;kom han inte \u00e5t&#8221; men Nido som \u00e4r s\u00e5 s\u00e4llskaplig och bara vill leka och utforska ALLT &#8211; honom sparkade han och tr\u00e4ffade faktiskt ocks\u00e5. Inte s\u00e5 skoj. Vi \u00f6verv\u00e4gde att flytta Nido till de andra h\u00e4starna men jag t\u00e4nkte att jag ville ge det lite tid och det var ju bra f\u00f6r dag 4 s\u00e5 b\u00f6rjade de leka med varandra och nu \u00e4r de kompisar och kan \u00e4ta ur samma h\u00f6g till och med \ud83d\ude42<\/span><br \/><span style=\"font-family: Arial;\">Vi \u00e4r ocks\u00e5 helt 100% konsekventa med all hantering. Han f\u00e5r inte best\u00e4mma utan det \u00e4r vi som best\u00e4mmer och han \u00e4r v\u00e4ldigt mycket trevligare bara p\u00e5 en vecka. Lastningen ska vi b\u00f6rja med i helgen. <\/span><\/p>\n<p><span style=\"font-family: &quot;Helvetica Neue&quot;, Arial, Helvetica, sans-serif;\">I helgen kom min k\u00e4ra bror och fru upp till Stockholm f\u00f6r att hj\u00e4lpa oss att bygga garderober i stallet. S\u00e5 det pysslade vi med HELA dagen p\u00e5 l\u00f6rdagen och halva dagen p\u00e5 s\u00f6ndagen. Tusen miljoner TACK f\u00f6r hj\u00e4lpen k\u00e4ra bror. Vi \u00e4r s\u00e5\u00e5 n\u00f6jda!!<\/span><\/p>\n<p><span style=\"font-family: Arial;\">S\u00f6ndag kv\u00e4ll gick vi med stalltjejerna till terr\u00e4ngbanan &#8211; d\u00e4r Emmi h\u00f6ll &#8221;kurs&#8221; f\u00f6r Mia och Jassan. Det var roligt \ud83d\ude42<\/span><\/p>\n<p><\/p>\n<div class=\"separator\" style=\"clear: both; text-align: center;\"><a href=\"http:\/\/2.bp.blogspot.com\/-vp7XZlUO7H0\/Ta4H3a2NtmI\/AAAAAAAAB64\/0g8gWbVsTIU\/s1600\/DSC_0194_xx.jpg\" imageanchor=\"1\" style=\"margin-left: 1em; margin-right: 1em;\"><img decoding=\"async\" border=\"0\" height=\"213px\" i8=\"true\" src=\"http:\/\/2.bp.blogspot.com\/-vp7XZlUO7H0\/Ta4H3a2NtmI\/AAAAAAAAB64\/0g8gWbVsTIU\/s320\/DSC_0194_xx.jpg\" width=\"320px\" \/><\/a><\/div>\n<p><span style=\"font-family: &quot;Helvetica Neue&quot;, Arial, Helvetica, sans-serif;\">P\u00e5 m\u00e5ndagen hade jag lovat B att hj\u00e4lpa henne skjutsa Rasmus till H\u00f6l\u00f6-kliniken. Emma f\u00f6ljde med och det blev en heldag eftersom det var h\u00e4ltutredning. Vi \u00e5kte fr\u00e5n stallet strax efter tio och var tillbaka vid 17-tiden. D\u00e5 var vi helt &#8221;d\u00f6da&#8221; och \u00e5kte bara hem och rasade ihop p\u00e5 soffan. Efter att vi dragit oss p\u00e5 sofflocket i n\u00e5gra timmar k\u00e4nde vi att vi g\u00e4rna ville rida i alla fall s\u00e5 vi \u00e5kte till stallet. Vi red en stund p\u00e5 \u00e4ngen och en liten stund p\u00e5 utebanan &#8211; j\u00e4ttemysigt. Vi blev lite \u00f6verraskade av ett r\u00e5djur och b\u00e5da h\u00e4starna blev lite r\u00e4dda men jag satt kvat trots att Cuba gjorde en helomv\u00e4ndning. &#8221;stolt&#8221; \ud83d\ude42<\/span><\/p>\n<p><span style=\"font-family: &quot;Helvetica Neue&quot;, Arial, Helvetica, sans-serif;\">Idag red Emma p\u00e5 Nido n\u00e4r jag fixade allt i stallet och sedan red vi tillsammans ute i skogen\/p\u00e5 v\u00e4garna med Cuba och Qalle. Qalle var helt cool och dessutom trafiks\u00e4ker &#8211; sk\u00f6nt att veta. Vi galopperade b\u00e5de p\u00e5 v\u00e4gen och p\u00e5 \u00e4ngen och han vare sig bockade eller visade vilja att sticka iv\u00e4g.&nbsp;<\/span><br \/><span style=\"font-family: &quot;Helvetica Neue&quot;, Arial, Helvetica, sans-serif;\">Efter ridning fortsatte vi arbetet med att f\u00e4rdigst\u00e4lla v\u00e5r sommarhage &#8211; en gigantisk j\u00e4ttehage med b\u00e5de \u00e4ng och skog. Vi h\u00f6ll p\u00e5 n\u00e5gra timmar och har nu stolpat och satt isolatorer. Kvar att fixa \u00e4r allts\u00e5 att tr\u00e5da och det ska vi p\u00e5b\u00f6rja imorgon.<\/span><\/p>\n","protected":false},"excerpt":{"rendered":"<p>>Jag har inte hunnit med att ber\u00e4tta vad vi h\u00e5ller p\u00e5 med &#8230; min k\u00e4ra man och min k\u00e4ra son \u00e5kte iv\u00e4g p\u00e5 p\u00e5skresa till Florida f\u00f6r att h\u00e4lsa p\u00e5 farmor och farfar. Under tiden som de roar sig i &hellip; <a href=\"http:\/\/pernillaodlund.se\/?p=755\">L\u00e4s mer <span class=\"meta-nav\">&rarr;<\/span><\/a><\/p>\n","protected":false},"author":1,"featured_media":0,"comment_status":"open","ping_status":"open","sticky":false,"template":"","format":"standard","meta":{"om_disable_all_campaigns":false,"_monsterinsights_skip_tracking":false,"_monsterinsights_sitenote_active":false,"_monsterinsights_sitenote_note":"","_monsterinsights_sitenote_category":0,"footnotes":""},"categories":[1],"tags":[],"class_list":["post-755","post","type-post","status-publish","format-standard","hentry","category-uncategorized"],"aioseo_notices":[],"_links":{"self":[{"href":"http:\/\/pernillaodlund.se\/index.php?rest_route=\/wp\/v2\/posts\/755","targetHints":{"allow":["GET"]}}],"collection":[{"href":"http:\/\/pernillaodlund.se\/index.php?rest_route=\/wp\/v2\/posts"}],"about":[{"href":"http:\/\/pernillaodlund.se\/index.php?rest_route=\/wp\/v2\/types\/post"}],"author":[{"embeddable":true,"href":"http:\/\/pernillaodlund.se\/index.php?rest_route=\/wp\/v2\/users\/1"}],"replies":[{"embeddable":true,"href":"http:\/\/pernillaodlund.se\/index.php?rest_route=%2Fwp%2Fv2%2Fcomments&post=755"}],"version-history":[{"count":0,"href":"http:\/\/pernillaodlund.se\/index.php?rest_route=\/wp\/v2\/posts\/755\/revisions"}],"wp:attachment":[{"href":"http:\/\/pernillaodlund.se\/index.php?rest_route=%2Fwp%2Fv2%2Fmedia&parent=755"}],"wp:term":[{"taxonomy":"category","embeddable":true,"href":"http:\/\/pernillaodlund.se\/index.php?rest_route=%2Fwp%2Fv2%2Fcategories&post=755"},{"taxonomy":"post_tag","embeddable":true,"href":"http:\/\/pernillaodlund.se\/index.php?rest_route=%2Fwp%2Fv2%2Ftags&post=755"}],"curies":[{"name":"wp","href":"https:\/\/api.w.org\/{rel}","templated":true}]}}